{"id":5669,"date":"2011-07-28T00:00:00","date_gmt":"2011-07-28T00:00:00","guid":{"rendered":"https:\/\/dges-cba.infd.edu.ar\/sitio\/decimas-jornadas-de-actualizacion-docente-en-ciencias-y-tecnologia-%c2%93acercar-la-ciencia-al-docente%c2%94-2011\/"},"modified":"2011-07-28T00:00:00","modified_gmt":"2011-07-28T00:00:00","slug":"decimas-jornadas-de-actualizacion-docente-en-ciencias-y-tecnologia-%c2%93acercar-la-ciencia-al-docente%c2%94-2011","status":"publish","type":"post","link":"https:\/\/dges-cba.infd.edu.ar\/sitio\/decimas-jornadas-de-actualizacion-docente-en-ciencias-y-tecnologia-%c2%93acercar-la-ciencia-al-docente%c2%94-2011\/","title":{"rendered":"D\u00e9cimas Jornadas de Actualizaci\u00f3n Docente en Ciencias y Tecnolog\u00eda \u0093Acercar la Ciencia al Docente\u0094 2011"},"content":{"rendered":"<p class=\"sitio_noticia_volanta\" >\n<h3>D\u00e9cimas Jornadas de Actualizaci\u00f3n Docente en Ciencias y Tecnolog\u00eda \u0093Acercar la Ciencia al Docente\u0094 2011<\/h3>\n<p class=\"sitio_noticia_copete\" >\n<hr class=\"sitio_noticia_contenido\" \/>\n<p >\n<p style=\"text-align: justify;\"><span style=\"font-family: arial,helvetica,sans-serif; font-size: 10pt;\">La Direcci&oacute;n General de Educaci&oacute;n Superior invita a docentes y estudiantes de IFD (de gesti&oacute;n estatal o privada) a participar de las D&eacute;cimas Jornadas de Actualizaci&oacute;n Docente en Ciencias y Tecnolog&iacute;a &ldquo;Acercar la Ciencia al Docente&rdquo; 2011, organizadas por el grupo QDA (Quince Docentes Argentinos &#8211; <a title=\"www.grupoqda.org.ar\" href=\"http:\/\/www.grupoqda.org.ar\/\" target=\"_blank\">www.grupoqda.org.ar<\/a>). Las jornadas han sido declaradas de inter&eacute;s educativo por Res 503\/2011 de la Secretar&iacute;a de Educaci&oacute;n, Ministerio de Educaci&oacute;n de C&oacute;rdoba.<\/span><\/p>\n<p style=\"text-align: justify;\"><span style=\"font-family: arial,helvetica,sans-serif; font-size: 10pt;\"><strong>Destinatarios:<\/strong> Docentes de escuelas de nivel medio e instituciones de nivel superior, de gesti&oacute;n estatal o privada, de todas las jurisdicciones del pa&iacute;s.<\/span><\/p>\n<p style=\"text-align: justify;\"><span style=\"font-family: arial,helvetica,sans-serif; font-size: 10pt;\"><strong>Fechas:<\/strong><\/span><\/p>\n<p style=\"text-align: justify;\"><span style=\"font-family: arial,helvetica,sans-serif; font-size: 10pt;\"><strong>&#8211; 19 de agosto:<\/strong> programa de disertaciones retransmitidas por videoconferencia en las filiales OSDE de todo el Pa&iacute;s (ver sedes)<\/span><\/p>\n<p style=\"text-align: justify;\"><span style=\"font-family: arial,helvetica,sans-serif; font-size: 10pt;\"><strong>&#8211; 20 de agosto:<\/strong> talleres en el Instituto Tecnol&oacute;gico de Buenos Aires, Av. E. Madero 399, Ciudad Aut&oacute;noma de Buenos Aires.<\/span><\/p>\n<p style=\"text-align: justify;\"><span style=\"font-family: arial,helvetica,sans-serif; font-size: 10pt;\"><strong>Entrada libre y gratuita<\/strong><\/span><\/p>\n<p style=\"text-align: justify;\"><span style=\"font-family: arial,helvetica,sans-serif; font-size: 10pt;\">Inscripci&oacute;n hasta el 15 de agosto, completando el formulario en l&iacute;nea en: <a title=\"www.grupoqda.org.ar\" href=\"http:\/\/www.grupoqda.org.ar\/\" target=\"_blank\">www.grupoqda.org.ar<\/a><\/span><\/p>\n<p style=\"text-align: justify;\"><span style=\"font-family: arial,helvetica,sans-serif; font-size: 10pt;\">Informes: por correo electr&oacute;nico info@grupoqda.org.ar o telef&oacute;nicamente al 011 802-5196<\/span><\/p>\n<p style=\"text-align: justify;\"><span style=\"font-family: arial,helvetica,sans-serif; font-size: 10pt;\"><strong>Sedes de retransmisi&oacute;n por videoconferencia<\/strong><\/span><\/p>\n<p style=\"text-align: justify;\"><span style=\"font-family: arial,helvetica,sans-serif; font-size: 10pt;\">Las disertaciones previstas para el viernes 19 de agosto se llevar&aacute;n a cabo en el Auditorio de la Fundaci&oacute;n OSDE (CABA) y ser&aacute;n retransmitidas por videoconferencia en las filiales de OSDE del interior del pa&iacute;s. En la provincia de C&oacute;rdoba las sedes de la Fundaci&oacute;n OSDE se encuentran en:<\/span><\/p>\n<p style=\"text-align: justify;\"><span style=\"font-family: arial,helvetica,sans-serif; font-size: 10pt;\">* C&oacute;rdoba Capital: Av. Rafael N&uacute;&ntilde;ez 4252 Tel: (0351)460440<\/span><\/p>\n<p style=\"text-align: justify;\"><span style=\"font-family: arial,helvetica,sans-serif; font-size: 10pt;\">* R&iacute;o Cuarto: Constituci&oacute;n 1043. Tel: (0358)4648400<\/span><\/p>\n<p style=\"text-align: justify;\"><span style=\"font-family: arial,helvetica,sans-serif; font-size: 10pt;\">* Villa Mar&iacute;a: Santa Fe 1155. Tel: (0353)4536960<\/span><\/p>\n<p style=\"text-align: justify;\"><span style=\"font-family: arial,helvetica,sans-serif; font-size: 10pt;\">* San Francisco: 25 de mayo 2440. Tel (03564)425819<\/span><\/p>\n<p>&nbsp;<\/p>\n<p><span style=\"font-family: arial,helvetica,sans-serif; font-size: 10pt;\"><strong><br \/><\/strong><\/span><\/p>\n<p>&nbsp;\n<\/p>\n<p style=\"text-align: center;\"><span style=\"font-family: arial,helvetica,sans-serif; font-size: 10pt;\"><strong>PROGRAMA<\/strong><\/span><\/p>\n<p style=\"text-align: center;\"><span style=\"font-family: arial,helvetica,sans-serif; font-size: 10pt;\"><strong>VIERNES 19 DE AGOSTO<\/strong><\/span><\/p>\n<p><span style=\"font-family: arial,helvetica,sans-serif; font-size: 10pt;\"><strong>8.00 hs.<\/strong> Acreditaci&oacute;n<\/span><\/p>\n<p><span style=\"font-family: arial,helvetica,sans-serif; font-size: 10pt;\"><strong>9.00 hs<\/strong>. Apertura de las Jornadas<\/span><\/p>\n<p><span style=\"font-family: arial,helvetica,sans-serif; font-size: 10pt;\"><strong>9.30 hs.<\/strong> &ldquo;El Proyecto SAANGRIA: Primer experimento en gran escala con ondas&nbsp; atmosf&eacute;ricas sobre la Cordillera de los Andes&rdquo;. Dr. Alejandro de la TORRE<\/span><\/p>\n<p><span style=\"font-family: arial,helvetica,sans-serif; font-size: 10pt;\"><strong>10.45 hs.<\/strong> Intervalo<\/span><\/p>\n<p><span style=\"font-family: arial,helvetica,sans-serif; font-size: 10pt;\"><strong>11.00 hs.<\/strong> \u00abBiolog&iacute;a molecular del gen a casi 60 a&ntilde;os del desciframiento de la estructura del ADN\u00bb. Dr. Alberto KORNBLIHTT<\/span><\/p>\n<p><span style=\"font-family: arial,helvetica,sans-serif; font-size: 10pt;\"><strong>12.15 hs.<\/strong> Intervalo<\/span><\/p>\n<p><span style=\"font-family: arial,helvetica,sans-serif; font-size: 10pt;\"><strong>13.00 hs.<\/strong> Inscripci&oacute;n a Talleres<\/span><\/p>\n<p><span style=\"font-family: arial,helvetica,sans-serif; font-size: 10pt;\"><strong>13.30 hs.<\/strong> &ldquo;La energ&iacute;a renovable es el eje del desarrollo sostenible&rdquo;. Dra. Cecilia SMOGLIE<\/span><\/p>\n<p><span style=\"font-family: arial,helvetica,sans-serif; font-size: 10pt;\"><strong>14.45 hs.<\/strong> \u00abEl caso Fukushima\u00bb. Dr. Mario MARISCOTTI<\/span><\/p>\n<p><span style=\"font-family: arial,helvetica,sans-serif; font-size: 10pt;\"><strong>16.00 hs.<\/strong> Intervalo<\/span><\/p>\n<p><span style=\"font-family: arial,helvetica,sans-serif; font-size: 10pt;\"><strong>16.15 hs.<\/strong> \u00abQu&iacute;mica supramolecular: el LEGO de la ciencia\u00bb. Dra. Valeria EDELSZTEIN<\/span><\/p>\n<p><span style=\"font-family: arial,helvetica,sans-serif; font-size: 10pt;\">17.30 hs. Cierre<\/span><\/p><\/p>\n","protected":false},"excerpt":{"rendered":"<p>D\u00e9cimas Jornadas de Actualizaci\u00f3n Docente en Ciencias y Tecnolog\u00eda \u0093Acercar la Ciencia al Docente\u0094 2011 La Direcci&oacute;n General de Educaci&oacute;n Superior invita a docentes y estudiantes de IFD (de gesti&oacute;n estatal o privada) a participar de las D&eacute;cimas Jornadas de Actualizaci&oacute;n Docente en Ciencias y Tecnolog&iacute;a &ldquo;Acercar la Ciencia al Docente&rdquo; 2011, organizadas por el &#8230; <a title=\"D\u00e9cimas Jornadas de Actualizaci\u00f3n Docente en Ciencias y Tecnolog\u00eda \u0093Acercar la Ciencia al Docente\u0094 2011\" class=\"read-more\" href=\"https:\/\/dges-cba.infd.edu.ar\/sitio\/decimas-jornadas-de-actualizacion-docente-en-ciencias-y-tecnologia-%c2%93acercar-la-ciencia-al-docente%c2%94-2011\/\" aria-label=\"More on D\u00e9cimas Jornadas de Actualizaci\u00f3n Docente en Ciencias y Tecnolog\u00eda \u0093Acercar la Ciencia al Docente\u0094 2011\">[+]<\/a><\/p>\n","protected":false},"author":17224,"featured_media":0,"comment_status":"open","ping_status":"open","sticky":false,"template":"","format":"standard","meta":[],"categories":[7,6],"tags":[],"acf":[],"_links":{"self":[{"href":"https:\/\/dges-cba.infd.edu.ar\/sitio\/wp-json\/wp\/v2\/posts\/5669"}],"collection":[{"href":"https:\/\/dges-cba.infd.edu.ar\/sitio\/wp-json\/wp\/v2\/posts"}],"about":[{"href":"https:\/\/dges-cba.infd.edu.ar\/sitio\/wp-json\/wp\/v2\/types\/post"}],"author":[{"embeddable":true,"href":"https:\/\/dges-cba.infd.edu.ar\/sitio\/wp-json\/wp\/v2\/users\/17224"}],"replies":[{"embeddable":true,"href":"https:\/\/dges-cba.infd.edu.ar\/sitio\/wp-json\/wp\/v2\/comments?post=5669"}],"version-history":[{"count":0,"href":"https:\/\/dges-cba.infd.edu.ar\/sitio\/wp-json\/wp\/v2\/posts\/5669\/revisions"}],"wp:attachment":[{"href":"https:\/\/dges-cba.infd.edu.ar\/sitio\/wp-json\/wp\/v2\/media?parent=5669"}],"wp:term":[{"taxonomy":"category","embeddable":true,"href":"https:\/\/dges-cba.infd.edu.ar\/sitio\/wp-json\/wp\/v2\/categories?post=5669"},{"taxonomy":"post_tag","embeddable":true,"href":"https:\/\/dges-cba.infd.edu.ar\/sitio\/wp-json\/wp\/v2\/tags?post=5669"}],"curies":[{"name":"wp","href":"https:\/\/api.w.org\/{rel}","templated":true}]}}