{"id":5819,"date":"2012-02-22T00:00:00","date_gmt":"2012-02-22T00:00:00","guid":{"rendered":"https:\/\/dges-cba.infd.edu.ar\/sitio\/nomina-oficial-de-proyectos-de-investigacion-conocer-para-incidir-sobre-las-practicas-pedagogicas-2011\/"},"modified":"2012-02-22T00:00:00","modified_gmt":"2012-02-22T00:00:00","slug":"nomina-oficial-de-proyectos-de-investigacion-conocer-para-incidir-sobre-las-practicas-pedagogicas-2011","status":"publish","type":"post","link":"https:\/\/dges-cba.infd.edu.ar\/sitio\/nomina-oficial-de-proyectos-de-investigacion-conocer-para-incidir-sobre-las-practicas-pedagogicas-2011\/","title":{"rendered":"N\u00f3mina oficial de proyectos de Investigaci\u00f3n  &#8211; Conocer para incidir sobre las pr\u00e1cticas pedag\u00f3gicas 2011"},"content":{"rendered":"<p class=\"sitio_noticia_volanta\" >\n<h3>N\u00f3mina oficial de proyectos de Investigaci\u00f3n  &#8211; Conocer para incidir sobre las pr\u00e1cticas pedag\u00f3gicas 2011<\/h3>\n<p class=\"sitio_noticia_copete\" >\n<hr class=\"sitio_noticia_contenido\" \/>\n<p >\n<p style=\"text-align: justify;\"><span style=\"font-family: arial,helvetica,sans-serif; font-size: 10pt;\">La <strong>Direcci&oacute;n General de Educaci&oacute;n Superior<\/strong> de C&oacute;rdoba informa la n&oacute;mina oficial de proyectos subsidiados por el INFD en la <strong>Convocatoria 2011 \u00abConocer para incidir sobre las pr&aacute;cticas pedag&oacute;gicas\u00bb.<\/strong><\/span><\/p>\n<p style=\"text-align: justify;\"><span style=\"font-family: arial,helvetica,sans-serif; font-size: 10pt;\">Para ver la planilla por provincias: <a title=\"N&oacute;mina oficial de proyectos de investigacion 2011\" href=\"upload\/CNV2011.xls\" target=\"_blank\">Clic Aqu&iacute;<\/a>.<\/span><\/p>\n<p style=\"text-align: justify;\"><span style=\"font-family: arial,helvetica,sans-serif; font-size: 10pt;\"><strong>Consultas<\/strong>: Roxana Mercado &#8211; <span class=\"go\">rmercado_ar@hotmail.com.<\/span><\/span><\/p><\/p>\n","protected":false},"excerpt":{"rendered":"<p>N\u00f3mina oficial de proyectos de Investigaci\u00f3n &#8211; Conocer para incidir sobre las pr\u00e1cticas pedag\u00f3gicas 2011 La Direcci&oacute;n General de Educaci&oacute;n Superior de C&oacute;rdoba informa la n&oacute;mina oficial de proyectos subsidiados por el INFD en la Convocatoria 2011 \u00abConocer para incidir sobre las pr&aacute;cticas pedag&oacute;gicas\u00bb. Para ver la planilla por provincias: Clic Aqu&iacute;. Consultas: Roxana Mercado &#8230; <a title=\"N\u00f3mina oficial de proyectos de Investigaci\u00f3n  &#8211; Conocer para incidir sobre las pr\u00e1cticas pedag\u00f3gicas 2011\" class=\"read-more\" href=\"https:\/\/dges-cba.infd.edu.ar\/sitio\/nomina-oficial-de-proyectos-de-investigacion-conocer-para-incidir-sobre-las-practicas-pedagogicas-2011\/\" aria-label=\"More on N\u00f3mina oficial de proyectos de Investigaci\u00f3n  &#8211; Conocer para incidir sobre las pr\u00e1cticas pedag\u00f3gicas 2011\">[+]<\/a><\/p>\n","protected":false},"author":17224,"featured_media":0,"comment_status":"open","ping_status":"open","sticky":false,"template":"","format":"standard","meta":[],"categories":[7,6],"tags":[],"acf":[],"_links":{"self":[{"href":"https:\/\/dges-cba.infd.edu.ar\/sitio\/wp-json\/wp\/v2\/posts\/5819"}],"collection":[{"href":"https:\/\/dges-cba.infd.edu.ar\/sitio\/wp-json\/wp\/v2\/posts"}],"about":[{"href":"https:\/\/dges-cba.infd.edu.ar\/sitio\/wp-json\/wp\/v2\/types\/post"}],"author":[{"embeddable":true,"href":"https:\/\/dges-cba.infd.edu.ar\/sitio\/wp-json\/wp\/v2\/users\/17224"}],"replies":[{"embeddable":true,"href":"https:\/\/dges-cba.infd.edu.ar\/sitio\/wp-json\/wp\/v2\/comments?post=5819"}],"version-history":[{"count":0,"href":"https:\/\/dges-cba.infd.edu.ar\/sitio\/wp-json\/wp\/v2\/posts\/5819\/revisions"}],"wp:attachment":[{"href":"https:\/\/dges-cba.infd.edu.ar\/sitio\/wp-json\/wp\/v2\/media?parent=5819"}],"wp:term":[{"taxonomy":"category","embeddable":true,"href":"https:\/\/dges-cba.infd.edu.ar\/sitio\/wp-json\/wp\/v2\/categories?post=5819"},{"taxonomy":"post_tag","embeddable":true,"href":"https:\/\/dges-cba.infd.edu.ar\/sitio\/wp-json\/wp\/v2\/tags?post=5819"}],"curies":[{"name":"wp","href":"https:\/\/api.w.org\/{rel}","templated":true}]}}