{"id":5840,"date":"2012-04-03T00:00:00","date_gmt":"2012-04-03T00:00:00","guid":{"rendered":"https:\/\/dges-cba.infd.edu.ar\/sitio\/reunion-general-de-secretarios-de-instituciones-de-educacion-superior-de-gestion-estatal\/"},"modified":"2012-04-03T00:00:00","modified_gmt":"2012-04-03T00:00:00","slug":"reunion-general-de-secretarios-de-instituciones-de-educacion-superior-de-gestion-estatal","status":"publish","type":"post","link":"https:\/\/dges-cba.infd.edu.ar\/sitio\/reunion-general-de-secretarios-de-instituciones-de-educacion-superior-de-gestion-estatal\/","title":{"rendered":"Reuni\u00f3n general de secretarios de Instituciones de Educaci\u00f3n Superior de gesti\u00f3n estatal"},"content":{"rendered":"<p class=\"sitio_noticia_volanta\" >\n<h3>Reuni\u00f3n general de secretarios de Instituciones de Educaci\u00f3n Superior de gesti\u00f3n estatal<\/h3>\n<p class=\"sitio_noticia_copete\" >\n<hr class=\"sitio_noticia_contenido\" \/>\n<p >\n<p style=\"text-align: justify;\"><span style=\"font-family: arial, helvetica, sans-serif; font-size: 10pt;\">El pasado 16 de marzo se llev&oacute; a cabo, en el Instituto Carlos M. Le<\/span><span style=\"font-family: arial, helvetica, sans-serif; font-size: 10pt;\">guizam&oacute;n de la Ciudad de C&oacute;rdoba, la <\/span><strong style=\"font-family: arial, helvetica, sans-serif; font-size: 10pt;\">Reuni&oacute;n general de secretarios de Instituciones de Educaci&oacute;n Superior de gesti&oacute;n estatal.<\/strong><\/p>\n<p style=\"text-align: justify;\"><span style=\"font-family: arial, helvetica, sans-serif; font-size: 10pt;\"><img decoding=\"async\" loading=\"lazy\" style=\"border: 4px solid black; float: left; margin: 5px;\" src=\"https:\/\/dges-cba.infd.edu.ar\/sitio\/wp-content\/uploads\/2018\/08\/Reunion_de_secretarios_008.jpg\" border=\"0\" alt=\"Reuni&oacute;n general de secretarios de Instituciones de Superior\" title=\"Reuni&oacute;n general de secretarios de Instituciones de Superior\" width=\"320\" height=\"200\">El encuentro estuvo presidido por la Directora General de Educaci&oacute;n Superior, Leticia Piotti, quien dio la bienvenida a los asistentes y realiz&oacute; la apertura de la Jornada. En dicha circunstancia la directora de nivel manifest&oacute; la importancia del evento que propici&oacute; el intercambio y la posibilidad de compartir experiencias e inquietudes.<\/span><\/p>\n<p style=\"text-align: justify;\"><span style=\"font-family: arial, helvetica, sans-serif; font-size: 10pt;\">La reuni&oacute;n tuvo dos instancias en las que, en un primer momento, las tem&aacute;ticas abordadas se centraron en Sistema Federal de t&iacute;tulos, Boleto educativo, la nueva normativa aprobada para el Nivel Superior, R&eacute;gimen Acad&eacute;mico Marco (Res. Min. N&deg; 412\/10) y Reglamento Org&aacute;nico Marco (Res. Min. N&deg; 750\/11), cobertura de cargos y horas c&aacute;tedra, viajes educativos, equivalencias, estudiantes provenientes del extranjero. Luego, durante la tarde, se realizaron actividades con la modalidad taller, mediante las cuales los secretarios pudieron identificar y abordar situaciones problem&aacute;ticas de sus &aacute;reas de trabajo en una instancia de acompa&ntilde;amiento y labor conjunta.<\/span><\/p>\n<p style=\"text-align: justify;\">&nbsp;<\/p>\n<p style=\"text-align: center;\"><strong><span style=\"font-family: arial, helvetica, sans-serif; font-size: 10pt;\">Algunos momentos del encuentro&nbsp;<\/span><\/strong><\/p>\n<table border=\"0\" align=\"center\">\n<tbody>\n<tr>\n<td><img decoding=\"async\" loading=\"lazy\" style=\"border: 0;\" src=\"https:\/\/dges-cba.infd.edu.ar\/sitio\/wp-content\/uploads\/2018\/08\/Reunion_de_secretarios_002.jpg\" border=\"0\" alt=\"Reuni&oacute;n general de secretarios de Instituciones de Superior\" title=\"Reuni&oacute;n general de secretarios de Instituciones de Superior\" width=\"200\" height=\"128\"><\/td>\n<td><img decoding=\"async\" loading=\"lazy\" style=\"border: 0;\" src=\"https:\/\/dges-cba.infd.edu.ar\/sitio\/wp-content\/uploads\/2018\/08\/Reunion_de_secretarios_001.jpg\" border=\"0\" alt=\"Reuni&oacute;n general de secretarios de Instituciones de Superior\" title=\"Reuni&oacute;n general de secretarios de Instituciones de Superior\" width=\"200\" height=\"128\"><\/td>\n<td><img decoding=\"async\" loading=\"lazy\" style=\"border: 0;\" src=\"https:\/\/dges-cba.infd.edu.ar\/sitio\/wp-content\/uploads\/2018\/08\/Reunion_de_secretarios_003.jpg\" border=\"0\" alt=\"Reuni&oacute;n general de secretarios de Instituciones de Superior\" title=\"Reuni&oacute;n general de secretarios de Instituciones de Superior\" width=\"200\" height=\"128\"><\/td>\n<\/tr>\n<tr>\n<td><img decoding=\"async\" loading=\"lazy\" style=\"border: 0;\" src=\"https:\/\/dges-cba.infd.edu.ar\/sitio\/wp-content\/uploads\/2018\/08\/Reunion_de_secretarios_004.jpg\" border=\"0\" alt=\"Reuni&oacute;n general de secretarios de Instituciones de Superior\" title=\"Reuni&oacute;n general de secretarios de Instituciones de Superior\" width=\"200\" height=\"128\"><\/td>\n<td><img decoding=\"async\" loading=\"lazy\" style=\"border: 0;\" src=\"https:\/\/dges-cba.infd.edu.ar\/sitio\/wp-content\/uploads\/2018\/08\/Reunion_de_secretarios_010.jpg\" border=\"0\" alt=\"Reuni&oacute;n general de secretarios de Instituciones de Superior\" title=\"Reuni&oacute;n general de secretarios de Instituciones de Superior\" width=\"200\" height=\"128\"><\/td>\n<td><img decoding=\"async\" loading=\"lazy\" style=\"border: 0;\" src=\"https:\/\/dges-cba.infd.edu.ar\/sitio\/wp-content\/uploads\/2018\/08\/Reunion_de_secretarios_005.jpg\" border=\"0\" alt=\"Reuni&oacute;n general de secretarios de Instituciones de Superior\" title=\"Reuni&oacute;n general de secretarios de Instituciones de Superior\" width=\"200\" height=\"128\"><\/td>\n<\/tr>\n<tr>\n<td><img decoding=\"async\" loading=\"lazy\" style=\"border: 0;\" src=\"https:\/\/dges-cba.infd.edu.ar\/sitio\/wp-content\/uploads\/2018\/08\/Reunion_de_secretarios_006.jpg\" border=\"0\" alt=\"Reuni&oacute;n general de secretarios de Instituciones de Superior\" title=\"Reuni&oacute;n general de secretarios de Instituciones de Superior\" width=\"200\" height=\"128\"><\/td>\n<td><img decoding=\"async\" loading=\"lazy\" style=\"border: 0;\" src=\"https:\/\/dges-cba.infd.edu.ar\/sitio\/wp-content\/uploads\/2018\/08\/Reunion_de_secretarios_007.jpg\" border=\"0\" alt=\"Reuni&oacute;n general de secretarios de Instituciones de Superior\" title=\"Reuni&oacute;n general de secretarios de Instituciones de Superior\" width=\"200\" height=\"128\"><\/td>\n<td><img decoding=\"async\" loading=\"lazy\" style=\"border: 0;\" src=\"https:\/\/dges-cba.infd.edu.ar\/sitio\/wp-content\/uploads\/2018\/08\/Reunion_de_secretarios_014.jpg\" border=\"0\" alt=\"Reuni&oacute;n general de secretarios de Instituciones de Superior\" title=\"Reuni&oacute;n general de secretarios de Instituciones de Superior\" width=\"200\" height=\"128\"><\/td>\n<\/tr>\n<tr>\n<td><img decoding=\"async\" loading=\"lazy\" style=\"border: 0;\" src=\"https:\/\/dges-cba.infd.edu.ar\/sitio\/wp-content\/uploads\/2018\/08\/Reunion_de_secretarios_011.jpg\" border=\"0\" alt=\"Reuni&oacute;n general de secretarios de Instituciones de Superior\" title=\"Reuni&oacute;n general de secretarios de Instituciones de Superior\" width=\"200\" height=\"128\"><\/td>\n<td><img decoding=\"async\" loading=\"lazy\" style=\"border: 0;\" src=\"https:\/\/dges-cba.infd.edu.ar\/sitio\/wp-content\/uploads\/2018\/08\/Reunion_de_secretarios_013.jpg\" border=\"0\" alt=\"Reuni&oacute;n general de secretarios de Instituciones de Superior\" title=\"Reuni&oacute;n general de secretarios de Instituciones de Superior\" width=\"200\" height=\"128\"><\/td>\n<td><img decoding=\"async\" loading=\"lazy\" style=\"border: 0;\" src=\"https:\/\/dges-cba.infd.edu.ar\/sitio\/wp-content\/uploads\/2018\/08\/Reunion_de_secretarios_012.jpg\" border=\"0\" alt=\"Reuni&oacute;n general de secretarios de Instituciones de Superior\" title=\"Reuni&oacute;n general de secretarios de Instituciones de Superior\" width=\"200\" height=\"128\"><\/td>\n<\/tr>\n<\/tbody>\n<\/table><\/p>\n","protected":false},"excerpt":{"rendered":"<p>Reuni\u00f3n general de secretarios de Instituciones de Educaci\u00f3n Superior de gesti\u00f3n estatal El pasado 16 de marzo se llev&oacute; a cabo, en el Instituto Carlos M. Leguizam&oacute;n de la Ciudad de C&oacute;rdoba, la Reuni&oacute;n general de secretarios de Instituciones de Educaci&oacute;n Superior de gesti&oacute;n estatal. El encuentro estuvo presidido por la Directora General de Educaci&oacute;n &#8230; <a title=\"Reuni\u00f3n general de secretarios de Instituciones de Educaci\u00f3n Superior de gesti\u00f3n estatal\" class=\"read-more\" href=\"https:\/\/dges-cba.infd.edu.ar\/sitio\/reunion-general-de-secretarios-de-instituciones-de-educacion-superior-de-gestion-estatal\/\" aria-label=\"More on Reuni\u00f3n general de secretarios de Instituciones de Educaci\u00f3n Superior de gesti\u00f3n estatal\">[+]<\/a><\/p>\n","protected":false},"author":17224,"featured_media":0,"comment_status":"open","ping_status":"open","sticky":false,"template":"","format":"standard","meta":[],"categories":[7,6],"tags":[],"acf":[],"_links":{"self":[{"href":"https:\/\/dges-cba.infd.edu.ar\/sitio\/wp-json\/wp\/v2\/posts\/5840"}],"collection":[{"href":"https:\/\/dges-cba.infd.edu.ar\/sitio\/wp-json\/wp\/v2\/posts"}],"about":[{"href":"https:\/\/dges-cba.infd.edu.ar\/sitio\/wp-json\/wp\/v2\/types\/post"}],"author":[{"embeddable":true,"href":"https:\/\/dges-cba.infd.edu.ar\/sitio\/wp-json\/wp\/v2\/users\/17224"}],"replies":[{"embeddable":true,"href":"https:\/\/dges-cba.infd.edu.ar\/sitio\/wp-json\/wp\/v2\/comments?post=5840"}],"version-history":[{"count":0,"href":"https:\/\/dges-cba.infd.edu.ar\/sitio\/wp-json\/wp\/v2\/posts\/5840\/revisions"}],"wp:attachment":[{"href":"https:\/\/dges-cba.infd.edu.ar\/sitio\/wp-json\/wp\/v2\/media?parent=5840"}],"wp:term":[{"taxonomy":"category","embeddable":true,"href":"https:\/\/dges-cba.infd.edu.ar\/sitio\/wp-json\/wp\/v2\/categories?post=5840"},{"taxonomy":"post_tag","embeddable":true,"href":"https:\/\/dges-cba.infd.edu.ar\/sitio\/wp-json\/wp\/v2\/tags?post=5840"}],"curies":[{"name":"wp","href":"https:\/\/api.w.org\/{rel}","templated":true}]}}