{"id":5843,"date":"2012-04-03T00:00:00","date_gmt":"2012-04-03T00:00:00","guid":{"rendered":"https:\/\/dges-cba.infd.edu.ar\/sitio\/acompanamiento-didactico-en-cs-naturales-en-matematica-y-como-capacitadores-en-matematica\/"},"modified":"2012-04-03T00:00:00","modified_gmt":"2012-04-03T00:00:00","slug":"acompanamiento-didactico-en-cs-naturales-en-matematica-y-como-capacitadores-en-matematica","status":"publish","type":"post","link":"https:\/\/dges-cba.infd.edu.ar\/sitio\/acompanamiento-didactico-en-cs-naturales-en-matematica-y-como-capacitadores-en-matematica\/","title":{"rendered":"Acompa\u00f1amiento did\u00e1ctico en Cs. Naturales, en Matem\u00e1tica y como capacitadores en Matem\u00e1tica"},"content":{"rendered":"<p class=\"sitio_noticia_volanta\" >\n<h3>Acompa\u00f1amiento did\u00e1ctico en Cs. Naturales, en Matem\u00e1tica y como capacitadores en Matem\u00e1tica<\/h3>\n<p class=\"sitio_noticia_copete\" >\n<hr class=\"sitio_noticia_contenido\" \/>\n<p >\n<p style=\"text-align: justify;\"><span style=\"font-family: arial, helvetica, sans-serif; font-size: 10pt;\">La <strong>Direcci&oacute;n General de Educaci&oacute;n Superior<\/strong> de C&oacute;rdoba informa que como parte de la funci&oacute;n de los ISFD de apoyo pedag&oacute;gico a las escuelas (Ley de Educaci&oacute;n Nacional 26206\/06, Consejo Federal de Educaci&oacute;n Res.N&ordm; 30\/07, 72\/08 y Res. 750\/11&nbsp;de Aprobaci&oacute;n del Reglamento Org&aacute;nico Marco), <strong>se convoca a los ISFD que tengan Profesorados en Educaci&oacute;n Primaria, Profesorados en Educaci&oacute;n Secundaria en Matem&aacute;tica, Profesorado en Educaci&oacute;n Secundaria en Biolog&iacute;a, F&iacute;sica y Qu&iacute;mica; a participar del acompa&ntilde;amiento did&aacute;ctico en Cs. Naturales, en Matem&aacute;tica y como capacitadores en Matem&aacute;tica<\/strong>.<\/span><\/p>\n<p style=\"text-align: justify;\"><span style=\"font-family: arial, helvetica, sans-serif; font-size: 10pt;\">Para ver el documento&nbsp;<strong>Convocatoria para Capacitadores Matem&aacute;tica &ndash; Primaria<\/strong>: <a title=\"Convocatoria para Capacitadores Matem&aacute;tica &ndash; Primaria\" href=\"upload\/Convocatoria_para_Capacitadores_Matematica__Primaria.pdf\" target=\"_blank\">Clic Aqu&iacute;<\/a>.<\/span><\/p>\n<p style=\"text-align: justify;\"><span style=\"font-family: arial, helvetica, sans-serif; font-size: 10pt;\">Para ver el documento&nbsp;<strong>Convocatoria para Acompa&ntilde;ante Did&aacute;ctico Ciencias Naturales &#8211; Primaria<\/strong>: <a title=\"Convocatoria para Acompa&ntilde;ante Did&aacute;ctico Ciencias Naturales - Primaria\" href=\"upload\/Convocatoria_para_Acompaniante_Didactico_Ciencias_Naturales__Primaria.pdf\" target=\"_blank\">Clic Aqu&iacute;<\/a>.<\/span><\/p>\n<p style=\"text-align: justify;\"><span style=\"font-family: arial, helvetica, sans-serif; font-size: 10pt;\">Para ver el documento&nbsp;<strong>Convocatoria para Acompa&ntilde;ante Did&aacute;ctico Matem&aacute;tica &#8211; Primaria<\/strong>: <a title=\"Convocatoria para Acompa&ntilde;ante Did&aacute;ctico Matem&aacute;tica - Primaria\" href=\"upload\/Convocatoria_para_Acompaniante_Didactico_Matematica__Primaria.pdf\" target=\"_blank\">Clic Aqu&iacute;<\/a>.<\/span><strong><strong><br \/><\/strong><\/strong><\/p><\/p>\n","protected":false},"excerpt":{"rendered":"<p>Acompa\u00f1amiento did\u00e1ctico en Cs. Naturales, en Matem\u00e1tica y como capacitadores en Matem\u00e1tica La Direcci&oacute;n General de Educaci&oacute;n Superior de C&oacute;rdoba informa que como parte de la funci&oacute;n de los ISFD de apoyo pedag&oacute;gico a las escuelas (Ley de Educaci&oacute;n Nacional 26206\/06, Consejo Federal de Educaci&oacute;n Res.N&ordm; 30\/07, 72\/08 y Res. 750\/11&nbsp;de Aprobaci&oacute;n del Reglamento Org&aacute;nico &#8230; <a title=\"Acompa\u00f1amiento did\u00e1ctico en Cs. Naturales, en Matem\u00e1tica y como capacitadores en Matem\u00e1tica\" class=\"read-more\" href=\"https:\/\/dges-cba.infd.edu.ar\/sitio\/acompanamiento-didactico-en-cs-naturales-en-matematica-y-como-capacitadores-en-matematica\/\" aria-label=\"More on Acompa\u00f1amiento did\u00e1ctico en Cs. Naturales, en Matem\u00e1tica y como capacitadores en Matem\u00e1tica\">[+]<\/a><\/p>\n","protected":false},"author":17224,"featured_media":0,"comment_status":"open","ping_status":"open","sticky":false,"template":"","format":"standard","meta":[],"categories":[7,6],"tags":[],"acf":[],"_links":{"self":[{"href":"https:\/\/dges-cba.infd.edu.ar\/sitio\/wp-json\/wp\/v2\/posts\/5843"}],"collection":[{"href":"https:\/\/dges-cba.infd.edu.ar\/sitio\/wp-json\/wp\/v2\/posts"}],"about":[{"href":"https:\/\/dges-cba.infd.edu.ar\/sitio\/wp-json\/wp\/v2\/types\/post"}],"author":[{"embeddable":true,"href":"https:\/\/dges-cba.infd.edu.ar\/sitio\/wp-json\/wp\/v2\/users\/17224"}],"replies":[{"embeddable":true,"href":"https:\/\/dges-cba.infd.edu.ar\/sitio\/wp-json\/wp\/v2\/comments?post=5843"}],"version-history":[{"count":0,"href":"https:\/\/dges-cba.infd.edu.ar\/sitio\/wp-json\/wp\/v2\/posts\/5843\/revisions"}],"wp:attachment":[{"href":"https:\/\/dges-cba.infd.edu.ar\/sitio\/wp-json\/wp\/v2\/media?parent=5843"}],"wp:term":[{"taxonomy":"category","embeddable":true,"href":"https:\/\/dges-cba.infd.edu.ar\/sitio\/wp-json\/wp\/v2\/categories?post=5843"},{"taxonomy":"post_tag","embeddable":true,"href":"https:\/\/dges-cba.infd.edu.ar\/sitio\/wp-json\/wp\/v2\/tags?post=5843"}],"curies":[{"name":"wp","href":"https:\/\/api.w.org\/{rel}","templated":true}]}}