{"id":5844,"date":"2012-04-04T00:00:00","date_gmt":"2012-04-04T00:00:00","guid":{"rendered":"https:\/\/dges-cba.infd.edu.ar\/sitio\/cursos-de-posgrado-2012-didactica-de-la-matematica-pre-historia-relaciones-con-los-tipos-de-saberes-epistemografia-y-con-las-otras-disciplinas-interdidactica\/"},"modified":"2012-04-04T00:00:00","modified_gmt":"2012-04-04T00:00:00","slug":"cursos-de-posgrado-2012-didactica-de-la-matematica-pre-historia-relaciones-con-los-tipos-de-saberes-epistemografia-y-con-las-otras-disciplinas-interdidactica","status":"publish","type":"post","link":"https:\/\/dges-cba.infd.edu.ar\/sitio\/cursos-de-posgrado-2012-didactica-de-la-matematica-pre-historia-relaciones-con-los-tipos-de-saberes-epistemografia-y-con-las-otras-disciplinas-interdidactica\/","title":{"rendered":"Cursos de Posgrado 2012 &#8211; Did\u00e1ctica de la Matem\u00e1tica: (pre-) historia, relaciones con los tipos de saberes (epistemograf\u00eda) y con las otras disciplinas (interdid\u00e1ctica)"},"content":{"rendered":"<p class=\"sitio_noticia_volanta\" >\n<h3>Cursos de Posgrado 2012 &#8211; Did\u00e1ctica de la Matem\u00e1tica: (pre-) historia, relaciones con los tipos de saberes (epistemograf\u00eda) y con las otras disciplinas (interdid\u00e1ctica)<\/h3>\n<p class=\"sitio_noticia_copete\" >\n<hr class=\"sitio_noticia_contenido\" \/>\n<p >\n<p style=\"text-align: justify;\"><span style=\"font-family: arial,helvetica,sans-serif; font-size: 10pt;\">La <strong>Direcci&oacute;n General de Educaci&oacute;n Superior<\/strong> de C&oacute;rdoba informa que est&aacute;n abiertas las inscripciones para el <strong>Curso de Posgrado 2012 &#8211; Did&aacute;ctica de la Matem&aacute;tica: (pre-) historia, relaciones con los tipos de saberes (epistemograf&iacute;a) y con las otras disciplinas (interdid&aacute;ctica)<\/strong> co-organizado entre FAMAF y FFYH en el marco del convenio entre el Centro Franco Argentino y la Universidad Nacional de C&oacute;rdoba.<\/span><\/p>\n<p><span style=\"font-family: arial,helvetica,sans-serif; font-size: 10pt;\"><strong>Dr. Jean Philippe Drouhard<\/strong><\/span><\/p>\n<p><span style=\"font-family: arial,helvetica,sans-serif; font-size: 10pt;\">Docteur en Didactique des Math&eacute;matiques (Universit&eacute; Paris 7). Ma&icirc;tre de Conf&eacute;rences de Math&eacute;matiques (equivalente a profesor asociado con dedicaci&oacute;n exclusiva), IUFM C&eacute;lestin-Freinet, Niza (Francia). Ex-director del IREM (Instituto de Investigaci&oacute;n en Ense&ntilde;anza de la Matem&aacute;tica) de Niza. Docencia: formaci&oacute;n de maestros y profesores, en matem&aacute;tica y en educaci&oacute;n especial. Investigaci&oacute;n: Miembro del equipo de Investigaci&oacute;n I3DL (InterDid&aacute;ctica y Did&aacute;cticas de las Disciplinas y de las Lenguas), Niza. Co-responsable del equipo franco-argentino CESAME (Construction Exp&eacute;riencielle des Savoirs avec Autrui dans les Math&eacute;matiques Enseign&eacute;es).<\/span><\/p>\n<p><span style=\"font-family: arial,helvetica,sans-serif; font-size: 10pt;\"><strong>Ejes tem&aacute;ticos del curso<\/strong>: <a title=\"http:\/\/www.ffyh.unc.edu.ar\/posgrado\/wp-content\/uploads\/2012\/03\/Ejes-tem%C3%A1ticos-Curso-Did%C3%A1ctica-de-la-Matem%C3%A1tica-.doc\" href=\"http:\/\/www.ffyh.unc.edu.ar\/posgrado\/wp-content\/uploads\/2012\/03\/Ejes-tem%C3%A1ticos-Curso-Did%C3%A1ctica-de-la-Matem%C3%A1tica-.doc\" target=\"_blank\">Clic Aqu&iacute;<\/a>.<\/span><\/p>\n<p><span style=\"font-family: arial,helvetica,sans-serif; font-size: 10pt;\"><strong>D&iacute;a, horario y lugar de dictado<\/strong>:<\/span><br \/><span style=\"font-family: arial,helvetica,sans-serif; font-size: 10pt;\">10 al 13 de abril &#8211; 16 a 21hs.<\/span><br \/><span style=\"font-family: arial,helvetica,sans-serif; font-size: 10pt;\">Martes y mi&eacute;rcoles &#8211; Pabell&oacute;n Residencial &#8211; FFYH<\/span><br \/><span style=\"font-family: arial,helvetica,sans-serif; font-size: 10pt;\">Jueves aula 13 FAMAF &#8211; Viernes aula 10 FAMAF<\/span><\/p>\n<p><span style=\"font-family: arial,helvetica,sans-serif; font-size: 10pt;\"><strong>Gratuito &#8211; Acredita: 20hs<\/strong><\/span><\/p>\n<p><span style=\"font-family: arial,helvetica,sans-serif; font-size: 10pt;\">Para Inscripci&oacute;n: <a title=\"https:\/\/docs.google.com\/spreadsheet\/viewform?formkey=dExlcjlPYTZpUmQtSTNPUTFvRjNBRHc6MA\" href=\"https:\/\/docs.google.com\/spreadsheet\/viewform?formkey=dExlcjlPYTZpUmQtSTNPUTFvRjNBRHc6MA\" target=\"_blank\">Clic Aqu&iacute;<\/a>.<\/span><\/p>\n<p><span style=\"font-family: arial,helvetica,sans-serif; font-size: 10pt;\"><strong>Destinatarios<\/strong>: Doctorandos y egresados universitarios<\/span><br \/><span style=\"font-family: arial,helvetica,sans-serif; font-size: 10pt;\">Los doctorandos podr&aacute;n realizar consultas en horarios extras al Dr. Jean Philippe Drouhard.<\/span><\/p>\n<p style=\"text-align: justify;\"><span style=\"font-family: arial,helvetica,sans-serif; font-size: 10pt;\"><strong>Consultas<\/strong>: cursos@ffyh.unc.edu.ar <\/span><\/p><\/p>\n","protected":false},"excerpt":{"rendered":"<p>Cursos de Posgrado 2012 &#8211; Did\u00e1ctica de la Matem\u00e1tica: (pre-) historia, relaciones con los tipos de saberes (epistemograf\u00eda) y con las otras disciplinas (interdid\u00e1ctica) La Direcci&oacute;n General de Educaci&oacute;n Superior de C&oacute;rdoba informa que est&aacute;n abiertas las inscripciones para el Curso de Posgrado 2012 &#8211; Did&aacute;ctica de la Matem&aacute;tica: (pre-) historia, relaciones con los tipos &#8230; <a title=\"Cursos de Posgrado 2012 &#8211; Did\u00e1ctica de la Matem\u00e1tica: (pre-) historia, relaciones con los tipos de saberes (epistemograf\u00eda) y con las otras disciplinas (interdid\u00e1ctica)\" class=\"read-more\" href=\"https:\/\/dges-cba.infd.edu.ar\/sitio\/cursos-de-posgrado-2012-didactica-de-la-matematica-pre-historia-relaciones-con-los-tipos-de-saberes-epistemografia-y-con-las-otras-disciplinas-interdidactica\/\" aria-label=\"More on Cursos de Posgrado 2012 &#8211; Did\u00e1ctica de la Matem\u00e1tica: (pre-) historia, relaciones con los tipos de saberes (epistemograf\u00eda) y con las otras disciplinas (interdid\u00e1ctica)\">[+]<\/a><\/p>\n","protected":false},"author":17224,"featured_media":0,"comment_status":"open","ping_status":"open","sticky":false,"template":"","format":"standard","meta":[],"categories":[7,6],"tags":[],"acf":[],"_links":{"self":[{"href":"https:\/\/dges-cba.infd.edu.ar\/sitio\/wp-json\/wp\/v2\/posts\/5844"}],"collection":[{"href":"https:\/\/dges-cba.infd.edu.ar\/sitio\/wp-json\/wp\/v2\/posts"}],"about":[{"href":"https:\/\/dges-cba.infd.edu.ar\/sitio\/wp-json\/wp\/v2\/types\/post"}],"author":[{"embeddable":true,"href":"https:\/\/dges-cba.infd.edu.ar\/sitio\/wp-json\/wp\/v2\/users\/17224"}],"replies":[{"embeddable":true,"href":"https:\/\/dges-cba.infd.edu.ar\/sitio\/wp-json\/wp\/v2\/comments?post=5844"}],"version-history":[{"count":0,"href":"https:\/\/dges-cba.infd.edu.ar\/sitio\/wp-json\/wp\/v2\/posts\/5844\/revisions"}],"wp:attachment":[{"href":"https:\/\/dges-cba.infd.edu.ar\/sitio\/wp-json\/wp\/v2\/media?parent=5844"}],"wp:term":[{"taxonomy":"category","embeddable":true,"href":"https:\/\/dges-cba.infd.edu.ar\/sitio\/wp-json\/wp\/v2\/categories?post=5844"},{"taxonomy":"post_tag","embeddable":true,"href":"https:\/\/dges-cba.infd.edu.ar\/sitio\/wp-json\/wp\/v2\/tags?post=5844"}],"curies":[{"name":"wp","href":"https:\/\/api.w.org\/{rel}","templated":true}]}}