{"id":5853,"date":"2012-04-17T00:00:00","date_gmt":"2012-04-17T00:00:00","guid":{"rendered":"https:\/\/dges-cba.infd.edu.ar\/sitio\/capacitacion-docente-semipresencial-ministerio-de-educacion-de-cordoba-y-educ-ar-3\/"},"modified":"2012-04-17T00:00:00","modified_gmt":"2012-04-17T00:00:00","slug":"capacitacion-docente-semipresencial-ministerio-de-educacion-de-cordoba-y-educ-ar-3","status":"publish","type":"post","link":"https:\/\/dges-cba.infd.edu.ar\/sitio\/capacitacion-docente-semipresencial-ministerio-de-educacion-de-cordoba-y-educ-ar-3\/","title":{"rendered":"Capacitaci\u00f3n docente semipresencial &#8211; Ministerio de Educaci\u00f3n de C\u00f3rdoba y Educ.ar."},"content":{"rendered":"<p class=\"sitio_noticia_volanta\" >\n<h3>Capacitaci\u00f3n docente semipresencial &#8211; Ministerio de Educaci\u00f3n de C\u00f3rdoba y Educ.ar.<\/h3>\n<p class=\"sitio_noticia_copete\" >\n<hr class=\"sitio_noticia_contenido\" \/>\n<p >\n<p style=\"text-align: justify;\"><span style=\"font-family: arial, helvetica, sans-serif; font-size: 10pt;\">La <strong>Direcci&oacute;n General de Educaci&oacute;n Superior<\/strong> invita a los profesores de los Institutos Superiores de Formaci&oacute;n Docente de la provincia de C&oacute;rdoba (de gesti&oacute;n estatal o privada), a participar de los cursos de capacitaci&oacute;n semipresenciales ofrecidos por el Ministerio de Educaci&oacute;n y Educ.ar, en el marco del desarrollo del Programa Conectar Igualdad en C&oacute;rdoba. Los mismos tendr&aacute;n una duraci&oacute;n de seis semanas y contar&aacute;n con el desarrollo de actividades virtuales tutorizadas e instancias presenciales, entre las que se incluye una de evaluaci&oacute;n escrita final del curso.<\/span><\/p>\n<p style=\"text-align: justify;\"><span style=\"font-family: arial, helvetica, sans-serif; font-size: 10pt;\">Los encuentros presenciales se desarrollaran en las sedes indicadas para cada uno de ellos. Es decir que los docentes que se inscriban en un curso deber&aacute;n asistir a los encuentros presenciales en una de las localidades seleccionada como sede.<\/span><\/p>\n<p style=\"text-align: justify;\"><span style=\"font-family: arial, helvetica, sans-serif; font-size: 10pt;\">Los cursos y las sedes correspondientes a cada uno son:&nbsp;&nbsp;<\/span><\/p>\n<ul style=\"text-align: justify;\">\n<li><span style=\"font-family: arial, helvetica, sans-serif; font-size: 10pt;\"><strong>Utilizaci&oacute;n las netbooks en el proceso de ense&ntilde;anza y de aprendizaje<\/strong> (sedes: R&iacute;o Cuarto, Dean Funes, C&oacute;rdoba).&nbsp;<\/span><\/li>\n<li><span style=\"font-family: arial, helvetica, sans-serif; font-size: 10pt;\"><strong>Estrategias 1 a 1 Nuevos enfoques y modalidades de trabajo para abordar en el aula<\/strong> (sedes: Cosqu&iacute;n, C&oacute;rdoba Capital, Cruz del Eje).&nbsp;<\/span><\/li>\n<li><span style=\"font-family: arial, helvetica, sans-serif; font-size: 10pt;\"><strong>Estrategias de trabajo con TIC en las aulas <\/strong>(sedes: San Francisco, Cruz del Eje, Villa Mar&iacute;a).&nbsp;<\/span><\/li>\n<li><span style=\"font-family: arial, helvetica, sans-serif; font-size: 10pt;\"><strong>El E-portafolios como recurso para la evaluaci&oacute;n<\/strong> (sedes: Villa Mar&iacute;a, Dean Funes, Cruz del Eje).&nbsp;<\/span><\/li>\n<li><span style=\"font-family: arial, helvetica, sans-serif; font-size: 10pt;\"><strong>Producci&oacute;n audiovisual como estrategia did&aacute;ctica<\/strong> (sedes: R&iacute;o Cuarto, Cosqu&iacute;n, C&oacute;rdoba Capital).&nbsp;<\/span><\/li>\n<li><span style=\"font-family: arial, helvetica, sans-serif; font-size: 10pt;\"><strong>Colaboraci&oacute;n en l&iacute;nea para la gesti&oacute;n docente<\/strong> (sedes: R&iacute;o Cuarto, Colonia Caroya, Villa Mar&iacute;a).&nbsp;<\/span><\/li>\n<li><span style=\"font-family: arial, helvetica, sans-serif; font-size: 10pt;\"><strong>Aprendizaje en la red. Web 2.0<\/strong> (sedes: Cosqu&iacute;n, Colonia Caroya, Dean Funes).&nbsp;<\/span><\/li>\n<li><span style=\"font-family: arial, helvetica, sans-serif; font-size: 10pt;\"><strong>Las redes sociales como entorno para la ense&ntilde;anza y el aprendizaje en Internet<\/strong> (San Francisco, C&oacute;rdoba capital, R&iacute;o Cuarto). &nbsp;<\/span><\/li>\n<\/ul>\n<p style=\"text-align: justify;\"><span style=\"font-family: arial, helvetica, sans-serif; font-size: 10pt;\">Los cupos por cada cohorte son limitados. <\/span><\/p>\n<p style=\"text-align: justify;\"><span style=\"font-family: arial, helvetica, sans-serif; font-size: 10pt;\"><strong>Para acceder a listado y descripci&oacute;n detallada de los cursos disponibles<\/strong>: <a title=\"Listado de Cursos EducAr\" href=\"upload\/LISTADO_DE_CURSOS_EDUCAR.pdf\" target=\"_blank\">Clic Aqu&iacute;<\/a>.<\/span><\/p>\n<p style=\"text-align: justify;\"><span style=\"font-family: arial, helvetica, sans-serif; font-size: 10pt;\"><strong>Para acceder a listado de sedes de los cursos disponibles<\/strong>: <a title=\"Sedes y Cursos de EducAr\" href=\"upload\/sedes_y_cursos.pdf\" target=\"_blank\">Clic Aqu&iacute;<\/a>.<\/span><\/p>\n<p style=\"text-align: justify;\"><span style=\"font-family: arial, helvetica, sans-serif; font-size: 10pt;\"><strong>Formulario de inscripci&oacute;n en l&iacute;nea<\/strong>:&nbsp;<a title=\"Formulario de Inscripci&oacute;n\" href=\"https:\/\/docs.google.com\/spreadsheet\/viewform?formkey=dGVfZGtDUlZZdmRiZjIxQlBOYjI5a2c6MQ\" target=\"_blank\">Clic Aqu&iacute;<\/a>.<\/span><\/p>\n<p style=\"text-align: justify;\"><span style=\"font-family: arial, helvetica, sans-serif; font-size: 10pt;\"><strong>Para  mayor Informaci&oacute;n o Consultas<\/strong>: <a href=\"mailto:capacitacioneducarcordoba@gmail.com\" target=\"_blank\">capacitacioneducarcordoba@gmail.com<\/a><\/span><\/p><\/p>\n","protected":false},"excerpt":{"rendered":"<p>Capacitaci\u00f3n docente semipresencial &#8211; Ministerio de Educaci\u00f3n de C\u00f3rdoba y Educ.ar. La Direcci&oacute;n General de Educaci&oacute;n Superior invita a los profesores de los Institutos Superiores de Formaci&oacute;n Docente de la provincia de C&oacute;rdoba (de gesti&oacute;n estatal o privada), a participar de los cursos de capacitaci&oacute;n semipresenciales ofrecidos por el Ministerio de Educaci&oacute;n y Educ.ar, en &#8230; <a title=\"Capacitaci\u00f3n docente semipresencial &#8211; Ministerio de Educaci\u00f3n de C\u00f3rdoba y Educ.ar.\" class=\"read-more\" href=\"https:\/\/dges-cba.infd.edu.ar\/sitio\/capacitacion-docente-semipresencial-ministerio-de-educacion-de-cordoba-y-educ-ar-3\/\" aria-label=\"More on Capacitaci\u00f3n docente semipresencial &#8211; Ministerio de Educaci\u00f3n de C\u00f3rdoba y Educ.ar.\">[+]<\/a><\/p>\n","protected":false},"author":17224,"featured_media":0,"comment_status":"open","ping_status":"open","sticky":false,"template":"","format":"standard","meta":[],"categories":[7,6],"tags":[],"acf":[],"_links":{"self":[{"href":"https:\/\/dges-cba.infd.edu.ar\/sitio\/wp-json\/wp\/v2\/posts\/5853"}],"collection":[{"href":"https:\/\/dges-cba.infd.edu.ar\/sitio\/wp-json\/wp\/v2\/posts"}],"about":[{"href":"https:\/\/dges-cba.infd.edu.ar\/sitio\/wp-json\/wp\/v2\/types\/post"}],"author":[{"embeddable":true,"href":"https:\/\/dges-cba.infd.edu.ar\/sitio\/wp-json\/wp\/v2\/users\/17224"}],"replies":[{"embeddable":true,"href":"https:\/\/dges-cba.infd.edu.ar\/sitio\/wp-json\/wp\/v2\/comments?post=5853"}],"version-history":[{"count":0,"href":"https:\/\/dges-cba.infd.edu.ar\/sitio\/wp-json\/wp\/v2\/posts\/5853\/revisions"}],"wp:attachment":[{"href":"https:\/\/dges-cba.infd.edu.ar\/sitio\/wp-json\/wp\/v2\/media?parent=5853"}],"wp:term":[{"taxonomy":"category","embeddable":true,"href":"https:\/\/dges-cba.infd.edu.ar\/sitio\/wp-json\/wp\/v2\/categories?post=5853"},{"taxonomy":"post_tag","embeddable":true,"href":"https:\/\/dges-cba.infd.edu.ar\/sitio\/wp-json\/wp\/v2\/tags?post=5853"}],"curies":[{"name":"wp","href":"https:\/\/api.w.org\/{rel}","templated":true}]}}