{"id":5859,"date":"2012-04-23T00:00:00","date_gmt":"2012-04-23T00:00:00","guid":{"rendered":"https:\/\/dges-cba.infd.edu.ar\/sitio\/gustavo-roldan-seguira-estando-con-nosotros-a-traves-de-su-palabra\/"},"modified":"2012-04-23T00:00:00","modified_gmt":"2012-04-23T00:00:00","slug":"gustavo-roldan-seguira-estando-con-nosotros-a-traves-de-su-palabra","status":"publish","type":"post","link":"https:\/\/dges-cba.infd.edu.ar\/sitio\/gustavo-roldan-seguira-estando-con-nosotros-a-traves-de-su-palabra\/","title":{"rendered":"Gustavo Rold\u00e1n seguir\u00e1 estando con nosotros a trav\u00e9s de su palabra"},"content":{"rendered":"<p class=\"sitio_noticia_volanta\" >\n<h3>Gustavo Rold\u00e1n seguir\u00e1 estando con nosotros a trav\u00e9s de su palabra <\/h3>\n<p class=\"sitio_noticia_copete\" >\n<hr class=\"sitio_noticia_contenido\" \/>\n<p >\n<p style=\"text-align: justify;\"><span style=\"font-family: arial,helvetica,sans-serif; font-size: 10pt;\">Gracias, Gustavo, por habernos acompa&ntilde;ado en un tramo del Trayecto Formativo &ldquo;Mediaci&oacute;n curricular en Alfabetizaci&oacute;n Inicial&rdquo; 2011. &nbsp;<\/span><\/p>\n<p style=\"text-align: justify;\"><span style=\"font-family: arial,helvetica,sans-serif; font-size: 10pt;\">De las tantas noticias que circulan, esta es una de esas que uno no quisiera poner a rodar, la del fallecimiento de nuestro querido escritor Gustavo Rold&aacute;n.<\/span><\/p>\n<p style=\"text-align: justify;\"><span style=\"font-family: arial,helvetica,sans-serif; font-size: 10pt;\">Desde nuestro lugar, adem&aacute;s de reconocer su obra invalorable y su palabra siempre comprometida, queremos manifestar un agradecimiento especial a su permanente gesto solidario con la escuela y con los chicos.<\/span><\/p>\n<p style=\"text-align: justify;\"><span style=\"font-family: arial,helvetica,sans-serif; font-size: 10pt;\">Los integrantes del equipo del Trayecto Formativo &ldquo;Mediaci&oacute;n Curricular en Alfabetizaci&oacute;n Inicial&rdquo; pudimos experimentarlo en noviembre del a&ntilde;o 2011 cuando, en el marco del cierre de los proyectos, mantuvimos comunicaci&oacute;n con Gustavo Rold&aacute;n. Los motivos del intercambio, muy valorados por este autor, ten&iacute;an que ver con que uno de los equipos de la sede Villa Mar&iacute;a I, el de Marcos Ju&aacute;rez, hab&iacute;a puesto a andar los cuentos de Sapo en Buenos Aires de su autor&iacute;a a trav&eacute;s del proyecto &ldquo;Los viajes de don Sapo&rdquo;. En aquel momento, se nos ocurr&iacute;a que ten&iacute;amos que hacerle conocer c&oacute;mo esta propuesta hab&iacute;a permitido que personajes caracter&iacute;sticos de su cuent&iacute;stica &ndash;entre ellos el sapo, el &ntilde;and&uacute;, el coat&iacute;, el piojo, el monito, el quirquincho&ndash; se hab&iacute;an &ldquo;metido con cuerpo y voz&rdquo; en las aulas de primer grado de la Escuela Patricias Argentinas, las de tercer a&ntilde;o del Instituto Secundario Mar&iacute;a Inmaculada y las del segundo y tercer a&ntilde;o del Profesorado de Educaci&oacute;n Primaria de la Escuela Normal Superior Manuel Belgrano &ndash;todas de Marcos Ju&aacute;rez&ndash; para que alumnos y docentes participaran en escenas de lectura con diversos prop&oacute;sitos, desarrollaran procesos de escritura contextualizada y se comprometieran, los de media, en la producci&oacute;n de un video. Tambi&eacute;n ten&iacute;amos que contarle que las historias creadas por los ni&ntilde;os de primer grado se hab&iacute;an agrupado en una publicaci&oacute;n titulada &ldquo;El sapo y sus amigos en Marcos Ju&aacute;rez&rdquo; y que, con motivo de su presentaci&oacute;n, dese&aacute;bamos sorprender a los peque&ntilde;os autores invit&aacute;ndolo a estar presente en ese evento.<\/span><\/p>\n<p style=\"text-align: justify;\"><span style=\"font-family: arial,helvetica,sans-serif; font-size: 10pt;\">Hay que subrayar que fue un ir y venir de palabras inolvidable para todos los que participamos en ese proceso; y, por sobre todo, queremos destacar el compromiso de Gustavo que se interes&oacute; desde que recibi&oacute; los primeros comentarios de lo que estaba sucediendo en una ciudad del interior de C&oacute;rdoba; que, adem&aacute;s de ser una ciudad vecina a aquella otra ciudad, Bell Ville, que lo hab&iacute;a albergado a &eacute;l como docente hasta el a&ntilde;o 76, era el contexto donde se desempe&ntilde;aba la Profesora Alicia Pochettino &ndash;coordinadora del equipo local y profesora del Seminario de Alfabetizaci&oacute;n Inicial de la Escuela Normal Superior Manuel Belgrano&ndash; , quien hab&iacute;a sido su alumna.<\/span><\/p>\n<p style=\"text-align: justify;\"><span style=\"font-family: arial,helvetica,sans-serif; font-size: 10pt;\">Respetuoso y solidario con los protagonistas del trabajo realizado y preocupado porque no pod&iacute;a viajar, hizo llegar una carta por correo electr&oacute;nico que dec&iacute;a:<\/span><\/p>\n<p style=\"text-align: justify;\"><span style=\"font-family: arial,helvetica,sans-serif; font-size: 10pt;\">&ldquo;No puedo ir y no puedo ir, pero me quedo con la sensaci&oacute;n de estarle fallando a los amigos, y si hay una cosa que no hace un chaque&ntilde;o de ley es fallarle a los amigos.<\/span><\/p>\n<p style=\"text-align: justify;\"><span style=\"font-family: arial,helvetica,sans-serif; font-size: 10pt;\">Entonces pienso en qu&eacute; se puede hacer, y se me ocurre que si yo le doy esta carta al sapo para que se la d&eacute; al piojo, y que el piojo se la pase a la pulga y &eacute;sta al bicho colorado y con un poco de suerte el bicho colorado encuentre un yacar&eacute; (bah, &eacute;ste tambi&eacute;n quiere r&iacute;o), entonces un coat&iacute;, que vaya corriendo y se la entregue en mano a la Silvia Yepes, algo podremos hacer.<\/span><\/p>\n<p style=\"text-align: justify;\"><span style=\"font-family: arial,helvetica,sans-serif; font-size: 10pt;\">Es decir, entonces yo podr&iacute;a mandarles un enorme enorme abrazo a los chicos de Primer Grado de la escuela Patricias Argentinas, a la muchachada de Tercer a&ntilde;o del Instituto Mar&iacute;a Inmaculada, a los futuros docentes del seminario a cargo de Alicia, y a los estudiantes del Profesorado de la escuela Normal Superior Manuel Belgrano, y a otro mont&oacute;n de docentes amigos de Alicia Pochettino, y a otro mont&oacute;n de gente de ese pueblo del que fui vecino durante muchos a&ntilde;os, desde el Instituto Mariano Moreno de Bell Ville donde trabaj&eacute; con gran alegr&iacute;a hasta el nefasto a&ntilde;o 76.<\/span><\/p>\n<p style=\"text-align: justify;\"><span style=\"font-family: arial,helvetica,sans-serif; font-size: 10pt;\">Y ya mismo le estoy entregando esta carta al sapo y al piojo para que se la den a la Silvia Yepes y que ella se haga responsable &ndash;si tiene ganas&ndash; de entregarle la carta a la Alicia Pochettino para que se la entregue a sus destinatarios con el abrazo m&aacute;s grande del Gustavo Rold&aacute;n.<\/span><\/p>\n<p style=\"text-align: justify;\"><span style=\"font-family: arial,helvetica,sans-serif; font-size: 10pt;\">Y tambi&eacute;n del sapo, la pulga, el piojo y el bicho colorado.&rdquo;<\/span><\/p>\n<p style=\"text-align: justify;\"><span style=\"font-family: arial,helvetica,sans-serif; font-size: 10pt;\">Seguramente que los chicos y los futuros docentes de aquel lugar nunca olvidar&aacute;n que recibieron una carta del mism&iacute;simo Gustavo Rold&aacute;n, el autor de los cuentos le&iacute;dos, disfrutados y recreados&hellip; Y nosotros, los docentes, recordaremos que, como lectores, siempre tendremos su palabra para deleitarnos, compartir y difundir.<\/span><\/p>\n<p style=\"text-align: justify;\"><span style=\"font-family: arial,helvetica,sans-serif; font-size: 10pt;\">Te invitamos a ver nuevamente la nota a los protagonistas &ndash;contando como lo hicieron&ndash; del Proyecto &ldquo;El Sapo y sus amigos en Marcos Ju&aacute;rez&rdquo; y el corto audiovisual realizado por docentes y alumnos. <\/span><\/p>\n<p style=\"text-align: justify;\"><span style=\"font-family: arial,helvetica,sans-serif; font-size: 10pt;\">Click Aqu&iacute;: <a title='\"El Sapos y sus amigos en Marcos Ju&aacute;rez\"' href=\"index.cgi?wid_item=150&amp;wid_seccion=56\" target=\"_blank\">\u00abEncuentro en Marcos Ju&aacute;rez\u00bb<\/a><\/span><\/p>\n<p style=\"text-align: justify;\"><span style=\"font-family: arial,helvetica,sans-serif; font-size: 10pt;\">Prof. Esp. Silvia Yepes. <\/span><span style=\"font-family: arial,helvetica,sans-serif; font-size: 10pt;\">Coordinadora del Equipo SEDE VILLA MAR&Iacute;A I<\/span><\/p>\n<p style=\"text-align: justify;\"><span style=\"font-family: arial,helvetica,sans-serif; font-size: 10pt;\">Trayecto Formativo &ldquo;Mediaci&oacute;n Curricular en Alfabetizaci&oacute;n Inicial&rdquo; &ndash; 2011<\/span><\/p><\/p>\n","protected":false},"excerpt":{"rendered":"<p>Gustavo Rold\u00e1n seguir\u00e1 estando con nosotros a trav\u00e9s de su palabra Gracias, Gustavo, por habernos acompa&ntilde;ado en un tramo del Trayecto Formativo &ldquo;Mediaci&oacute;n curricular en Alfabetizaci&oacute;n Inicial&rdquo; 2011. &nbsp; De las tantas noticias que circulan, esta es una de esas que uno no quisiera poner a rodar, la del fallecimiento de nuestro querido escritor Gustavo &#8230; <a title=\"Gustavo Rold\u00e1n seguir\u00e1 estando con nosotros a trav\u00e9s de su palabra\" class=\"read-more\" href=\"https:\/\/dges-cba.infd.edu.ar\/sitio\/gustavo-roldan-seguira-estando-con-nosotros-a-traves-de-su-palabra\/\" aria-label=\"More on Gustavo Rold\u00e1n seguir\u00e1 estando con nosotros a trav\u00e9s de su palabra\">[+]<\/a><\/p>\n","protected":false},"author":17224,"featured_media":0,"comment_status":"open","ping_status":"open","sticky":false,"template":"","format":"standard","meta":[],"categories":[7,6],"tags":[],"acf":[],"_links":{"self":[{"href":"https:\/\/dges-cba.infd.edu.ar\/sitio\/wp-json\/wp\/v2\/posts\/5859"}],"collection":[{"href":"https:\/\/dges-cba.infd.edu.ar\/sitio\/wp-json\/wp\/v2\/posts"}],"about":[{"href":"https:\/\/dges-cba.infd.edu.ar\/sitio\/wp-json\/wp\/v2\/types\/post"}],"author":[{"embeddable":true,"href":"https:\/\/dges-cba.infd.edu.ar\/sitio\/wp-json\/wp\/v2\/users\/17224"}],"replies":[{"embeddable":true,"href":"https:\/\/dges-cba.infd.edu.ar\/sitio\/wp-json\/wp\/v2\/comments?post=5859"}],"version-history":[{"count":0,"href":"https:\/\/dges-cba.infd.edu.ar\/sitio\/wp-json\/wp\/v2\/posts\/5859\/revisions"}],"wp:attachment":[{"href":"https:\/\/dges-cba.infd.edu.ar\/sitio\/wp-json\/wp\/v2\/media?parent=5859"}],"wp:term":[{"taxonomy":"category","embeddable":true,"href":"https:\/\/dges-cba.infd.edu.ar\/sitio\/wp-json\/wp\/v2\/categories?post=5859"},{"taxonomy":"post_tag","embeddable":true,"href":"https:\/\/dges-cba.infd.edu.ar\/sitio\/wp-json\/wp\/v2\/tags?post=5859"}],"curies":[{"name":"wp","href":"https:\/\/api.w.org\/{rel}","templated":true}]}}