{"id":5863,"date":"2012-04-24T00:00:00","date_gmt":"2012-04-24T00:00:00","guid":{"rendered":"https:\/\/dges-cba.infd.edu.ar\/sitio\/rectificacion-del-lugar-para-el-desarrollo-del-encuentro-de-practica-docente-iii-de-los-profesorados-de-ed-fisica-ed-artistica-y-ed-especial-y-educacion-tecnologica\/"},"modified":"2012-04-24T00:00:00","modified_gmt":"2012-04-24T00:00:00","slug":"rectificacion-del-lugar-para-el-desarrollo-del-encuentro-de-practica-docente-iii-de-los-profesorados-de-ed-fisica-ed-artistica-y-ed-especial-y-educacion-tecnologica","status":"publish","type":"post","link":"https:\/\/dges-cba.infd.edu.ar\/sitio\/rectificacion-del-lugar-para-el-desarrollo-del-encuentro-de-practica-docente-iii-de-los-profesorados-de-ed-fisica-ed-artistica-y-ed-especial-y-educacion-tecnologica\/","title":{"rendered":"Rectificaci\u00f3n del lugar para el desarrollo del Encuentro de Pr\u00e1ctica Docente III de los Profesorados de Ed. F\u00edsica, Ed. Art\u00edstica y Ed. Especial y Educaci\u00f3n Tecnol\u00f3gica"},"content":{"rendered":"<p class=\"sitio_noticia_volanta\" >\n<h3>Rectificaci\u00f3n del lugar para el desarrollo del Encuentro de Pr\u00e1ctica Docente III de los Profesorados de Ed. F\u00edsica, Ed. Art\u00edstica y Ed. Especial y Educaci\u00f3n Tecnol\u00f3gica<\/h3>\n<p class=\"sitio_noticia_copete\" >\n<hr class=\"sitio_noticia_contenido\" \/>\n<p >\n<p style=\"text-align: justify;\"><span style=\"font-family: arial, helvetica, sans-serif; font-size: 10pt;\">En el marco del Proceso de Acompa&ntilde;amiento y Desarrollo Curricular de los Profesorados de Educaci&oacute;n F&iacute;sica, Educaci&oacute;n Tecnol&oacute;gica, Educaci&oacute;n &nbsp;Art&iacute;stica: M&uacute;sica, Teatro y Artes Visuales y Educaci&oacute;n Especial: orientaci&oacute;n en Discapacidad Intelectual, orientaci&oacute;n en Sordos e Hipoac&uacute;sicos y orientaci&oacute;n en Ciegos y Disminuidos Visuales; se realizar&aacute; el&nbsp;<strong>Encuentro de la Pr&aacute;ctica Docente III<\/strong>&nbsp;con la presencia de la Profesora Gloria Edelstein.<\/span><\/p>\n<p style=\"text-align: justify;\"><span style=\"font-family: arial, helvetica, sans-serif; font-size: 10pt;\">El encuentro se realizar&aacute; el d&iacute;a mi&eacute;rcoles 9 de mayo, entre las 9:00 y las 16:30 hs. en el Instituto Lino Spilimbergo, sito en Av.Ricchieri 2200 de la Ciudad de las Artes.<\/span><\/p>\n<p style=\"text-align: justify;\"><span style=\"font-family: arial, helvetica, sans-serif; font-size: 10pt;\">Deber&aacute;n asistir los docentes a cargo de la unidad curricular de la Pr&aacute;ctica Docente III, de cada uno de los profesorados mencionados de Gesti&oacute;n Estatal o de Gesti&oacute;n Privada..<\/span><\/p>\n<p style=\"text-align: justify;\"><span style=\"font-family: arial, helvetica, sans-serif; font-size: 10pt;\"><strong>Aclaraci&oacute;n sobre la cobertura de gastos de traslado para los asistentes a los encuentro presenciales<\/strong>:&nbsp;<a title=\"Cobertura de Gastos de Traslados\" href=\"index.cgi?wid_item=107&amp;wid_seccion=52\">Clic Aqu&iacute;<\/a>.<\/span><\/p>\n<p style=\"text-align: justify;\"><span style=\"font-family: arial, helvetica, sans-serif; font-size: 10pt;\"><strong>Consultas<\/strong>: Ruthi Gotthelf g_ruthi@hotmail.com &oacute; Mirtha Fassina&nbsp;mirfassina@yahoo.com.<\/span><\/p><\/p>\n","protected":false},"excerpt":{"rendered":"<p>Rectificaci\u00f3n del lugar para el desarrollo del Encuentro de Pr\u00e1ctica Docente III de los Profesorados de Ed. F\u00edsica, Ed. Art\u00edstica y Ed. Especial y Educaci\u00f3n Tecnol\u00f3gica En el marco del Proceso de Acompa&ntilde;amiento y Desarrollo Curricular de los Profesorados de Educaci&oacute;n F&iacute;sica, Educaci&oacute;n Tecnol&oacute;gica, Educaci&oacute;n &nbsp;Art&iacute;stica: M&uacute;sica, Teatro y Artes Visuales y Educaci&oacute;n Especial: orientaci&oacute;n &#8230; <a title=\"Rectificaci\u00f3n del lugar para el desarrollo del Encuentro de Pr\u00e1ctica Docente III de los Profesorados de Ed. F\u00edsica, Ed. Art\u00edstica y Ed. Especial y Educaci\u00f3n Tecnol\u00f3gica\" class=\"read-more\" href=\"https:\/\/dges-cba.infd.edu.ar\/sitio\/rectificacion-del-lugar-para-el-desarrollo-del-encuentro-de-practica-docente-iii-de-los-profesorados-de-ed-fisica-ed-artistica-y-ed-especial-y-educacion-tecnologica\/\" aria-label=\"More on Rectificaci\u00f3n del lugar para el desarrollo del Encuentro de Pr\u00e1ctica Docente III de los Profesorados de Ed. F\u00edsica, Ed. Art\u00edstica y Ed. Especial y Educaci\u00f3n Tecnol\u00f3gica\">[+]<\/a><\/p>\n","protected":false},"author":17224,"featured_media":0,"comment_status":"open","ping_status":"open","sticky":false,"template":"","format":"standard","meta":[],"categories":[7,6],"tags":[],"acf":[],"_links":{"self":[{"href":"https:\/\/dges-cba.infd.edu.ar\/sitio\/wp-json\/wp\/v2\/posts\/5863"}],"collection":[{"href":"https:\/\/dges-cba.infd.edu.ar\/sitio\/wp-json\/wp\/v2\/posts"}],"about":[{"href":"https:\/\/dges-cba.infd.edu.ar\/sitio\/wp-json\/wp\/v2\/types\/post"}],"author":[{"embeddable":true,"href":"https:\/\/dges-cba.infd.edu.ar\/sitio\/wp-json\/wp\/v2\/users\/17224"}],"replies":[{"embeddable":true,"href":"https:\/\/dges-cba.infd.edu.ar\/sitio\/wp-json\/wp\/v2\/comments?post=5863"}],"version-history":[{"count":0,"href":"https:\/\/dges-cba.infd.edu.ar\/sitio\/wp-json\/wp\/v2\/posts\/5863\/revisions"}],"wp:attachment":[{"href":"https:\/\/dges-cba.infd.edu.ar\/sitio\/wp-json\/wp\/v2\/media?parent=5863"}],"wp:term":[{"taxonomy":"category","embeddable":true,"href":"https:\/\/dges-cba.infd.edu.ar\/sitio\/wp-json\/wp\/v2\/categories?post=5863"},{"taxonomy":"post_tag","embeddable":true,"href":"https:\/\/dges-cba.infd.edu.ar\/sitio\/wp-json\/wp\/v2\/tags?post=5863"}],"curies":[{"name":"wp","href":"https:\/\/api.w.org\/{rel}","templated":true}]}}