{"id":5865,"date":"2012-04-24T00:00:00","date_gmt":"2012-04-24T00:00:00","guid":{"rendered":"https:\/\/dges-cba.infd.edu.ar\/sitio\/encuentro-de-practica-docente-iv-para-los-profesorados-de-educacion-inicial-y-educacion-primaria\/"},"modified":"2012-04-24T00:00:00","modified_gmt":"2012-04-24T00:00:00","slug":"encuentro-de-practica-docente-iv-para-los-profesorados-de-educacion-inicial-y-educacion-primaria","status":"publish","type":"post","link":"https:\/\/dges-cba.infd.edu.ar\/sitio\/encuentro-de-practica-docente-iv-para-los-profesorados-de-educacion-inicial-y-educacion-primaria\/","title":{"rendered":"Encuentro de  Pr\u00e1ctica Docente IV  para los Profesorados de Educaci\u00f3n Inicial y Educaci\u00f3n Primaria"},"content":{"rendered":"<p class=\"sitio_noticia_volanta\" >\n<h3>Encuentro de  Pr\u00e1ctica Docente IV  para los Profesorados de Educaci\u00f3n Inicial y Educaci\u00f3n Primaria<\/h3>\n<p class=\"sitio_noticia_copete\" >\n<hr class=\"sitio_noticia_contenido\" \/>\n<p >\n<p style=\"text-align: justify;\"><span style=\"font-family: arial, helvetica, sans-serif; font-size: 10pt;\">En el marco del Proceso de Acompa&ntilde;amiento y Desarrollo Curricular de los Profesorados<strong> de Educaci&oacute;n Inicial y Educaci&oacute;n Primaria<\/strong>; se realizar&aacute; el <strong>Encuentro de la Pr&aacute;ctica Docente I<\/strong><strong>V <\/strong>con la presencia de la Profesora Gloria Edelstein.<\/span><\/p>\n<p style=\"text-align: justify;\"><span style=\"font-family: arial, helvetica, sans-serif; font-size: 10pt;\">El encuentro se realizar&aacute; el lunes 14 de mayo, entre las 9:00 y las 16:30 hs. en el Instituto Lino Spilimbergo, sito en&nbsp; Av.Ricchieri 2200 en la Ciudad las Artes<\/span><\/p>\n<p style=\"text-align: justify;\"><span style=\"font-family: arial, helvetica, sans-serif; font-size: 10pt;\">Deber&aacute;n asistir los docentes a cargo de la unidad curricular de la Pr&aacute;ctica Docente IV, de cada uno de los Profesorados de Educaci&oacute;n Inicial y Educaci&oacute;n Primaria de Gesti&oacute;n Estatal o de Gesti&oacute;n Privada.<\/span><\/p>\n<p style=\"text-align: justify;\"><span style=\"font-family: arial, helvetica, sans-serif; font-size: 10pt;\"> <strong>Aclaraci&oacute;n sobre la cobertura de gastos de traslado para los asistentes a los encuentros presenciales<\/strong>: <a title=\"Cobertura de Gastos de Traslados\" href=\"index.cgi?wid_item=107&amp;wid_seccion=52\">Clic Aqu&iacute;<\/a>.<\/span><\/p>\n<p style=\"text-align: justify;\"><span style=\"font-family: arial, helvetica, sans-serif; font-size: 10pt;\"><strong>Consultas<\/strong>: Ruthi Gotthelf g_ruthi@hotmail.com &oacute; Mirtha Fassina&nbsp;mirfassina@yahoo.com.<\/span><\/p><\/p>\n","protected":false},"excerpt":{"rendered":"<p>Encuentro de Pr\u00e1ctica Docente IV para los Profesorados de Educaci\u00f3n Inicial y Educaci\u00f3n Primaria En el marco del Proceso de Acompa&ntilde;amiento y Desarrollo Curricular de los Profesorados de Educaci&oacute;n Inicial y Educaci&oacute;n Primaria; se realizar&aacute; el Encuentro de la Pr&aacute;ctica Docente IV con la presencia de la Profesora Gloria Edelstein. El encuentro se realizar&aacute; el &#8230; <a title=\"Encuentro de  Pr\u00e1ctica Docente IV  para los Profesorados de Educaci\u00f3n Inicial y Educaci\u00f3n Primaria\" class=\"read-more\" href=\"https:\/\/dges-cba.infd.edu.ar\/sitio\/encuentro-de-practica-docente-iv-para-los-profesorados-de-educacion-inicial-y-educacion-primaria\/\" aria-label=\"More on Encuentro de  Pr\u00e1ctica Docente IV  para los Profesorados de Educaci\u00f3n Inicial y Educaci\u00f3n Primaria\">[+]<\/a><\/p>\n","protected":false},"author":17224,"featured_media":0,"comment_status":"open","ping_status":"open","sticky":false,"template":"","format":"standard","meta":[],"categories":[7,6],"tags":[],"acf":[],"_links":{"self":[{"href":"https:\/\/dges-cba.infd.edu.ar\/sitio\/wp-json\/wp\/v2\/posts\/5865"}],"collection":[{"href":"https:\/\/dges-cba.infd.edu.ar\/sitio\/wp-json\/wp\/v2\/posts"}],"about":[{"href":"https:\/\/dges-cba.infd.edu.ar\/sitio\/wp-json\/wp\/v2\/types\/post"}],"author":[{"embeddable":true,"href":"https:\/\/dges-cba.infd.edu.ar\/sitio\/wp-json\/wp\/v2\/users\/17224"}],"replies":[{"embeddable":true,"href":"https:\/\/dges-cba.infd.edu.ar\/sitio\/wp-json\/wp\/v2\/comments?post=5865"}],"version-history":[{"count":0,"href":"https:\/\/dges-cba.infd.edu.ar\/sitio\/wp-json\/wp\/v2\/posts\/5865\/revisions"}],"wp:attachment":[{"href":"https:\/\/dges-cba.infd.edu.ar\/sitio\/wp-json\/wp\/v2\/media?parent=5865"}],"wp:term":[{"taxonomy":"category","embeddable":true,"href":"https:\/\/dges-cba.infd.edu.ar\/sitio\/wp-json\/wp\/v2\/categories?post=5865"},{"taxonomy":"post_tag","embeddable":true,"href":"https:\/\/dges-cba.infd.edu.ar\/sitio\/wp-json\/wp\/v2\/tags?post=5865"}],"curies":[{"name":"wp","href":"https:\/\/api.w.org\/{rel}","templated":true}]}}