{"id":5866,"date":"2012-04-24T00:00:00","date_gmt":"2012-04-24T00:00:00","guid":{"rendered":"https:\/\/dges-cba.infd.edu.ar\/sitio\/encuentro-de-practica-docente-i-para-los-profesorados-de-ingles-y-de-danza-y-los-profesorados-de-educacion-secundaria-en-historia-geografia-lengua-y-literatura\/"},"modified":"2012-04-24T00:00:00","modified_gmt":"2012-04-24T00:00:00","slug":"encuentro-de-practica-docente-i-para-los-profesorados-de-ingles-y-de-danza-y-los-profesorados-de-educacion-secundaria-en-historia-geografia-lengua-y-literatura","status":"publish","type":"post","link":"https:\/\/dges-cba.infd.edu.ar\/sitio\/encuentro-de-practica-docente-i-para-los-profesorados-de-ingles-y-de-danza-y-los-profesorados-de-educacion-secundaria-en-historia-geografia-lengua-y-literatura\/","title":{"rendered":"Encuentro de  Pr\u00e1ctica Docente I  para los Profesorados  de Ingl\u00e9s y de Danza; y  los Profesorados de Educaci\u00f3n Secundaria en Historia, Geograf\u00eda, Lengua y Literatura"},"content":{"rendered":"<p class=\"sitio_noticia_volanta\" >\n<h3>Encuentro de  Pr\u00e1ctica Docente I  para los Profesorados  de Ingl\u00e9s y de Danza; y  los Profesorados de Educaci\u00f3n Secundaria en Historia, Geograf\u00eda, Lengua y Literatura<\/h3>\n<p class=\"sitio_noticia_copete\" >\n<hr class=\"sitio_noticia_contenido\" \/>\n<p >\n<p style=\"text-align: justify;\"><span style=\"font-family: arial, helvetica, sans-serif; font-size: 10pt;\">En el marco del Proceso de Acompa&ntilde;amiento y Desarrollo Curricular de los <strong>Profesorados de Ingl&eacute;s y de Danza; y los Profesorados de Educaci&oacute;n Secundaria en Historia, Geograf&iacute;a, Lengua y Literatura<\/strong>; se realizar&aacute; el <strong>Encuentro de la Pr&aacute;ctica Docente I<\/strong> con la presencia de la Profesora Gloria Edelstein.<\/span><\/p>\n<p style=\"text-align: justify;\"><span style=\"font-family: arial, helvetica, sans-serif; font-size: 10pt;\">El encuentro se realizar&aacute; el d&iacute;a mi&eacute;rcoles 23 de mayo, entre las 9:00 y las 16:30 hs. en el Instituto Carlos Leguizam&oacute;n, sito en &nbsp;Av.Concepci&oacute;n Arenal 1177(frente al ex Hospital Espa&ntilde;ol)<\/span><\/p>\n<p style=\"text-align: justify;\"><span style=\"font-family: arial, helvetica, sans-serif; font-size: 10pt;\">Deber&aacute;n asistir los docentes a cargo de la unidad curricular de la Pr&aacute;ctica Docente I, de cada uno de los profesorados mencionados de Gesti&oacute;n Estatal o de Gesti&oacute;n Privada.<\/span><\/p>\n<p style=\"text-align: justify;\"><span style=\"font-family: arial, helvetica, sans-serif; font-size: 10pt;\"><strong>Aclaraci&oacute;n sobre la cobertura de gastos de traslado para los asistentes a los encuentro presenciales<\/strong>: <a title=\"Cobertura de Gastos de Traslados\" href=\"index.cgi?wid_item=107&amp;wid_seccion=52\">Clic Aqu&iacute;<\/a>.<\/span><\/p>\n<p><span style=\"font-family: arial, helvetica, sans-serif; font-size: 10pt;\"><strong>Consultas<\/strong>: Ruthi Gotthelf g_ruthi@hotmail.com &oacute; Mirtha Fassina&nbsp;mirfassina@yahoo.com.<\/span><\/p><\/p>\n","protected":false},"excerpt":{"rendered":"<p>Encuentro de Pr\u00e1ctica Docente I para los Profesorados de Ingl\u00e9s y de Danza; y los Profesorados de Educaci\u00f3n Secundaria en Historia, Geograf\u00eda, Lengua y Literatura En el marco del Proceso de Acompa&ntilde;amiento y Desarrollo Curricular de los Profesorados de Ingl&eacute;s y de Danza; y los Profesorados de Educaci&oacute;n Secundaria en Historia, Geograf&iacute;a, Lengua y Literatura; &#8230; <a title=\"Encuentro de  Pr\u00e1ctica Docente I  para los Profesorados  de Ingl\u00e9s y de Danza; y  los Profesorados de Educaci\u00f3n Secundaria en Historia, Geograf\u00eda, Lengua y Literatura\" class=\"read-more\" href=\"https:\/\/dges-cba.infd.edu.ar\/sitio\/encuentro-de-practica-docente-i-para-los-profesorados-de-ingles-y-de-danza-y-los-profesorados-de-educacion-secundaria-en-historia-geografia-lengua-y-literatura\/\" aria-label=\"More on Encuentro de  Pr\u00e1ctica Docente I  para los Profesorados  de Ingl\u00e9s y de Danza; y  los Profesorados de Educaci\u00f3n Secundaria en Historia, Geograf\u00eda, Lengua y Literatura\">[+]<\/a><\/p>\n","protected":false},"author":17224,"featured_media":0,"comment_status":"open","ping_status":"open","sticky":false,"template":"","format":"standard","meta":[],"categories":[7,6],"tags":[],"acf":[],"_links":{"self":[{"href":"https:\/\/dges-cba.infd.edu.ar\/sitio\/wp-json\/wp\/v2\/posts\/5866"}],"collection":[{"href":"https:\/\/dges-cba.infd.edu.ar\/sitio\/wp-json\/wp\/v2\/posts"}],"about":[{"href":"https:\/\/dges-cba.infd.edu.ar\/sitio\/wp-json\/wp\/v2\/types\/post"}],"author":[{"embeddable":true,"href":"https:\/\/dges-cba.infd.edu.ar\/sitio\/wp-json\/wp\/v2\/users\/17224"}],"replies":[{"embeddable":true,"href":"https:\/\/dges-cba.infd.edu.ar\/sitio\/wp-json\/wp\/v2\/comments?post=5866"}],"version-history":[{"count":0,"href":"https:\/\/dges-cba.infd.edu.ar\/sitio\/wp-json\/wp\/v2\/posts\/5866\/revisions"}],"wp:attachment":[{"href":"https:\/\/dges-cba.infd.edu.ar\/sitio\/wp-json\/wp\/v2\/media?parent=5866"}],"wp:term":[{"taxonomy":"category","embeddable":true,"href":"https:\/\/dges-cba.infd.edu.ar\/sitio\/wp-json\/wp\/v2\/categories?post=5866"},{"taxonomy":"post_tag","embeddable":true,"href":"https:\/\/dges-cba.infd.edu.ar\/sitio\/wp-json\/wp\/v2\/tags?post=5866"}],"curies":[{"name":"wp","href":"https:\/\/api.w.org\/{rel}","templated":true}]}}