{"id":5972,"date":"2012-08-09T00:00:00","date_gmt":"2012-08-09T00:00:00","guid":{"rendered":"https:\/\/dges-cba.infd.edu.ar\/sitio\/orden-de-merito-convocatoria-cargo-de-coordinador-de-curso-suplente-del-instituto-de-educacion-fisica-provincial-i-p-e-f\/"},"modified":"2012-08-09T00:00:00","modified_gmt":"2012-08-09T00:00:00","slug":"orden-de-merito-convocatoria-cargo-de-coordinador-de-curso-suplente-del-instituto-de-educacion-fisica-provincial-i-p-e-f","status":"publish","type":"post","link":"https:\/\/dges-cba.infd.edu.ar\/sitio\/orden-de-merito-convocatoria-cargo-de-coordinador-de-curso-suplente-del-instituto-de-educacion-fisica-provincial-i-p-e-f\/","title":{"rendered":"Orden de M\u00e9rito Convocatoria Cargo de Coordinador de Curso suplente del Instituto de Educaci\u00f3n F\u00edsica Provincial &#8211; I.P.E.F."},"content":{"rendered":"<p class=\"sitio_noticia_volanta\" >\n<h3>Orden de M\u00e9rito Convocatoria Cargo de Coordinador de Curso suplente del Instituto de Educaci\u00f3n F\u00edsica Provincial &#8211; I.P.E.F.<\/h3>\n<p class=\"sitio_noticia_copete\" >\n<hr class=\"sitio_noticia_contenido\" \/>\n<p >\n<p style=\"text-align: justify;\"><span style=\"font-size: 10pt; font-family: arial,helvetica,sans-serif;\"><span style=\"line-height: 17px; color: #2a2a2a;\">La  <strong>Direcci&oacute;n General de Educaci&oacute;n Superior<\/strong> publica el Orden de M&eacute;rito  correspondiente a la convocatoria para cubrir un cargo de <strong>Coordinador de  Curso suplente en el Instituto de Educaci&oacute;n F&iacute;sica Provincial &#8211;  I.P.E.F.<\/strong><\/span><br \/><\/span><\/p>\n<p style=\"line-height: 17px; color: #2a2a2a; font-family: 'Segoe UI',Tahoma,Verdana,Arial,sans-serif; text-align: justify;\"><span style=\"font-size: 10pt; font-family: arial,helvetica,sans-serif;\">Los aspirantes deber&aacute;n concurrir al mencionado Instituto a fin de manifestar la aceptaci&oacute;n del cargo. <\/span><\/p>\n<div style=\"line-height: 17px; color: #2a2a2a; font-family: 'Segoe UI',Tahoma,Verdana,Arial,sans-serif; text-align: justify;\"><span style=\"font-size: 10pt; font-family: arial,helvetica,sans-serif;\">Para ver el Orden de M&eacute;rito: <a title=\"Orden de M&eacute;rito\" href=\"index.cgi?wid_item=162&amp;wid_seccion=50\">Clic Aqu&iacute;<\/a>.<\/span><\/div><\/p>\n","protected":false},"excerpt":{"rendered":"<p>Orden de M\u00e9rito Convocatoria Cargo de Coordinador de Curso suplente del Instituto de Educaci\u00f3n F\u00edsica Provincial &#8211; I.P.E.F. La Direcci&oacute;n General de Educaci&oacute;n Superior publica el Orden de M&eacute;rito correspondiente a la convocatoria para cubrir un cargo de Coordinador de Curso suplente en el Instituto de Educaci&oacute;n F&iacute;sica Provincial &#8211; I.P.E.F. Los aspirantes deber&aacute;n concurrir &#8230; <a title=\"Orden de M\u00e9rito Convocatoria Cargo de Coordinador de Curso suplente del Instituto de Educaci\u00f3n F\u00edsica Provincial &#8211; I.P.E.F.\" class=\"read-more\" href=\"https:\/\/dges-cba.infd.edu.ar\/sitio\/orden-de-merito-convocatoria-cargo-de-coordinador-de-curso-suplente-del-instituto-de-educacion-fisica-provincial-i-p-e-f\/\" aria-label=\"More on Orden de M\u00e9rito Convocatoria Cargo de Coordinador de Curso suplente del Instituto de Educaci\u00f3n F\u00edsica Provincial &#8211; I.P.E.F.\">[+]<\/a><\/p>\n","protected":false},"author":17224,"featured_media":0,"comment_status":"open","ping_status":"open","sticky":false,"template":"","format":"standard","meta":[],"categories":[7,6],"tags":[],"acf":[],"_links":{"self":[{"href":"https:\/\/dges-cba.infd.edu.ar\/sitio\/wp-json\/wp\/v2\/posts\/5972"}],"collection":[{"href":"https:\/\/dges-cba.infd.edu.ar\/sitio\/wp-json\/wp\/v2\/posts"}],"about":[{"href":"https:\/\/dges-cba.infd.edu.ar\/sitio\/wp-json\/wp\/v2\/types\/post"}],"author":[{"embeddable":true,"href":"https:\/\/dges-cba.infd.edu.ar\/sitio\/wp-json\/wp\/v2\/users\/17224"}],"replies":[{"embeddable":true,"href":"https:\/\/dges-cba.infd.edu.ar\/sitio\/wp-json\/wp\/v2\/comments?post=5972"}],"version-history":[{"count":0,"href":"https:\/\/dges-cba.infd.edu.ar\/sitio\/wp-json\/wp\/v2\/posts\/5972\/revisions"}],"wp:attachment":[{"href":"https:\/\/dges-cba.infd.edu.ar\/sitio\/wp-json\/wp\/v2\/media?parent=5972"}],"wp:term":[{"taxonomy":"category","embeddable":true,"href":"https:\/\/dges-cba.infd.edu.ar\/sitio\/wp-json\/wp\/v2\/categories?post=5972"},{"taxonomy":"post_tag","embeddable":true,"href":"https:\/\/dges-cba.infd.edu.ar\/sitio\/wp-json\/wp\/v2\/tags?post=5972"}],"curies":[{"name":"wp","href":"https:\/\/api.w.org\/{rel}","templated":true}]}}