{"id":6008,"date":"2012-09-10T00:00:00","date_gmt":"2012-09-10T00:00:00","guid":{"rendered":"https:\/\/dges-cba.infd.edu.ar\/sitio\/encuentro-regional-de-cambio-y-desarrollo-curricular-de-profesorados-de-educacion-secundaria-en-biologia-quimica-geografia-e-historia\/"},"modified":"2012-09-10T00:00:00","modified_gmt":"2012-09-10T00:00:00","slug":"encuentro-regional-de-cambio-y-desarrollo-curricular-de-profesorados-de-educacion-secundaria-en-biologia-quimica-geografia-e-historia","status":"publish","type":"post","link":"https:\/\/dges-cba.infd.edu.ar\/sitio\/encuentro-regional-de-cambio-y-desarrollo-curricular-de-profesorados-de-educacion-secundaria-en-biologia-quimica-geografia-e-historia\/","title":{"rendered":"Encuentro Regional de Cambio y Desarrollo curricular de Profesorados de Educaci\u00f3n Secundaria en Biolog\u00eda, Qu\u00edmica, Geograf\u00eda e Historia"},"content":{"rendered":"<p class=\"sitio_noticia_volanta\" >\n<h3>Encuentro Regional de Cambio y Desarrollo curricular de Profesorados de Educaci\u00f3n Secundaria en Biolog\u00eda, Qu\u00edmica, Geograf\u00eda e Historia<\/h3>\n<p class=\"sitio_noticia_copete\" >\n<hr class=\"sitio_noticia_contenido\" \/>\n<p >\n<p style=\"text-align: justify;\"><span style=\"font-family: arial, helvetica, sans-serif; font-size: 10pt;\">En el marco del Proceso de Cambio y Desarrollo Curricular, la&nbsp;<strong>Direcci&oacute;n General de Educaci&oacute;n Superior<\/strong>&nbsp;invita a los docentes de los&nbsp;&nbsp;<strong>Profesorados de Educaci&oacute;n Secundaria de Geograf&iacute;a, Historia, Biolog&iacute;a y Qu&iacute;mica&nbsp;<\/strong>que se detallan a continuaci&oacute;n, al Encuentro Regional a realizarse en la Localidad de&nbsp;<strong>Bell Ville<\/strong>, el d&iacute;a&nbsp;<strong>mi&eacute;rcoles 19 de septiembre de 10:00 a 15:00 hs.<\/strong>&nbsp;en&nbsp;&nbsp;el&nbsp;<strong>Conservatorio Superior de M&uacute;sica Gilardo&nbsp;Gilardi<\/strong>&nbsp;<strong>&#8211; Avda Faustino Molina y M. Barcia s\/n.&nbsp;<\/strong><\/span><\/p>\n<p style=\"text-align: justify;\"><span style=\"font-family: arial, helvetica, sans-serif; font-size: 10pt;\">Los docentes invitados pertenecen al primer y segundo a&ntilde;os de los tres Campos de la Formaci&oacute;n,&nbsp;de los siguientes profesorados:<\/span><\/p>\n<ul style=\"text-align: justify;\">\n<li><span style=\"font-family: arial, helvetica, sans-serif; font-size: 10pt;\">Instituto Superior Mariano Moreno.&nbsp;<strong>Bell Ville<\/strong><\/span><\/li>\n<li><span style=\"font-family: arial, helvetica, sans-serif; font-size: 10pt;\">Escuela Normal Superior Maestros Argentinos.&nbsp;<strong>Corral de Bustos<\/strong><\/span><\/li>\n<li><span style=\"font-family: arial, helvetica, sans-serif; font-size: 10pt;\">Escuela Normal Superior Dalmacio V. S&aacute;rsfield.&nbsp;<strong>Las Varillas<\/strong><\/span><\/li>\n<li><span style=\"font-family: arial, helvetica, sans-serif; font-size: 10pt;\">Instituto Parroquial Gustavo Mart&iacute;nez Zuvir&iacute;a.&nbsp;<strong>Las Varillas<\/strong><\/span><\/li>\n<li><span style=\"font-family: arial, helvetica, sans-serif; font-size: 10pt;\">Escuela Normal V&iacute;ctor Mercante.&nbsp;<strong>Villa Mar&iacute;a<\/strong><\/span><\/li>\n<li><span style=\"font-family: arial, helvetica, sans-serif; font-size: 10pt;\">Instituto Superior del Profesorado Gabriela Mistral.&nbsp;<strong>Villa Mar&iacute;a<\/strong><\/span><\/li>\n<li><span style=\"font-family: arial, helvetica, sans-serif; font-size: 10pt;\">Instituto Superior del Profesorado de Pascanas.&nbsp;<strong>Pascanas<\/strong><\/span><\/li>\n<li><span style=\"font-family: arial, helvetica, sans-serif; font-size: 10pt;\">Instituto Superior del Profesorado de Canals.&nbsp;<strong>Canals<\/strong><\/span><\/li>\n<li><span style=\"font-family: arial, helvetica, sans-serif; font-size: 10pt;\">Instituto Superior del Profesorado de Monte Ma&iacute;z.&nbsp;<strong>Monte Ma&iacute;z<\/strong><\/span><\/li>\n<\/ul>\n<p style=\"text-align: justify;\"><span style=\"font-family: arial, helvetica, sans-serif; font-size: 10pt;\">Las tem&aacute;ticas a abordar considerar&aacute;n el proceso general del desarrollo del cambio curricular en estos Profesorados en los tres campos de la formaci&oacute;n, particularizando las experiencias y problem&aacute;ticas en torno al Campo Espec&iacute;fico, al Taller Integrador y a los formatos curriculares y su evaluaci&oacute;n. &nbsp;<\/span><\/p>\n<div style=\"text-align: justify;\">\n<p><span style=\"font-family: arial, helvetica, sans-serif; font-size: 10pt;\">Se gestionar&aacute; el reconocimiento del&nbsp;<strong>cambio de actividad&nbsp;<\/strong>para promover la asistencia de los docentes invitados.&nbsp;<\/span><\/p>\n<p><span style=\"font-family: arial, helvetica, sans-serif; font-size: 10pt;\">Se ruega a los Directores de cada ISFD, confirmar con anticipaci&oacute;n el n&uacute;mero de docentes que asistir&aacute; al encuentro.<\/span><\/p>\n<\/div>\n<p style=\"text-align: justify;\"><span style=\"font-family: arial, helvetica, sans-serif; font-size: 10pt;\"><strong>Aclaraci&oacute;n sobre la nueva cobertura de gastos de traslado para los asistentes a los encuentros presenciales<\/strong>:&nbsp;<a title=\"Cobertura de Gastos de Traslados\" href=\"index.cgi?wid_item=107&amp;wid_seccion=52\">Clic Aqu&iacute;<\/a>.<\/span><\/p>\n<p style=\"text-align: justify;\"><span style=\"font-family: arial, helvetica, sans-serif; font-size: 10pt;\"><strong>Consultas<\/strong><span>: Ruthi Gotthelf g_ruthi@hotmail.com &oacute; Mirtha Fassina mirfassina@yahoo.com.<\/span><br \/><\/span><\/p><\/p>\n","protected":false},"excerpt":{"rendered":"<p>Encuentro Regional de Cambio y Desarrollo curricular de Profesorados de Educaci\u00f3n Secundaria en Biolog\u00eda, Qu\u00edmica, Geograf\u00eda e Historia En el marco del Proceso de Cambio y Desarrollo Curricular, la&nbsp;Direcci&oacute;n General de Educaci&oacute;n Superior&nbsp;invita a los docentes de los&nbsp;&nbsp;Profesorados de Educaci&oacute;n Secundaria de Geograf&iacute;a, Historia, Biolog&iacute;a y Qu&iacute;mica&nbsp;que se detallan a continuaci&oacute;n, al Encuentro Regional a &#8230; <a title=\"Encuentro Regional de Cambio y Desarrollo curricular de Profesorados de Educaci\u00f3n Secundaria en Biolog\u00eda, Qu\u00edmica, Geograf\u00eda e Historia\" class=\"read-more\" href=\"https:\/\/dges-cba.infd.edu.ar\/sitio\/encuentro-regional-de-cambio-y-desarrollo-curricular-de-profesorados-de-educacion-secundaria-en-biologia-quimica-geografia-e-historia\/\" aria-label=\"More on Encuentro Regional de Cambio y Desarrollo curricular de Profesorados de Educaci\u00f3n Secundaria en Biolog\u00eda, Qu\u00edmica, Geograf\u00eda e Historia\">[+]<\/a><\/p>\n","protected":false},"author":17224,"featured_media":0,"comment_status":"open","ping_status":"open","sticky":false,"template":"","format":"standard","meta":[],"categories":[7,6],"tags":[],"acf":[],"_links":{"self":[{"href":"https:\/\/dges-cba.infd.edu.ar\/sitio\/wp-json\/wp\/v2\/posts\/6008"}],"collection":[{"href":"https:\/\/dges-cba.infd.edu.ar\/sitio\/wp-json\/wp\/v2\/posts"}],"about":[{"href":"https:\/\/dges-cba.infd.edu.ar\/sitio\/wp-json\/wp\/v2\/types\/post"}],"author":[{"embeddable":true,"href":"https:\/\/dges-cba.infd.edu.ar\/sitio\/wp-json\/wp\/v2\/users\/17224"}],"replies":[{"embeddable":true,"href":"https:\/\/dges-cba.infd.edu.ar\/sitio\/wp-json\/wp\/v2\/comments?post=6008"}],"version-history":[{"count":0,"href":"https:\/\/dges-cba.infd.edu.ar\/sitio\/wp-json\/wp\/v2\/posts\/6008\/revisions"}],"wp:attachment":[{"href":"https:\/\/dges-cba.infd.edu.ar\/sitio\/wp-json\/wp\/v2\/media?parent=6008"}],"wp:term":[{"taxonomy":"category","embeddable":true,"href":"https:\/\/dges-cba.infd.edu.ar\/sitio\/wp-json\/wp\/v2\/categories?post=6008"},{"taxonomy":"post_tag","embeddable":true,"href":"https:\/\/dges-cba.infd.edu.ar\/sitio\/wp-json\/wp\/v2\/tags?post=6008"}],"curies":[{"name":"wp","href":"https:\/\/api.w.org\/{rel}","templated":true}]}}