{"id":6015,"date":"2012-09-13T00:00:00","date_gmt":"2012-09-13T00:00:00","guid":{"rendered":"https:\/\/dges-cba.infd.edu.ar\/sitio\/jornada-de-politica-cultura-economia-y-sociedad-cordoba-en-el-siglo-xix\/"},"modified":"2012-09-13T00:00:00","modified_gmt":"2012-09-13T00:00:00","slug":"jornada-de-politica-cultura-economia-y-sociedad-cordoba-en-el-siglo-xix","status":"publish","type":"post","link":"https:\/\/dges-cba.infd.edu.ar\/sitio\/jornada-de-politica-cultura-economia-y-sociedad-cordoba-en-el-siglo-xix\/","title":{"rendered":"Jornada de Pol\u00edtica, Cultura, Econom\u00eda y Sociedad: C\u00f3rdoba en el Siglo XIX"},"content":{"rendered":"<p class=\"sitio_noticia_volanta\" >\n<h3>Jornada de Pol\u00edtica, Cultura, Econom\u00eda y Sociedad: C\u00f3rdoba en el Siglo XIX<\/h3>\n<p class=\"sitio_noticia_copete\" >\n<hr class=\"sitio_noticia_contenido\" \/>\n<p >\n<p style=\"text-align: justify;\"><span style=\"font-family: arial, helvetica, sans-serif; font-size: 10pt;\">La <strong>Direcci&oacute;n General de Educaci&oacute;n Superior<\/strong> de C&oacute;rdoba invita a la&nbsp;<strong>Jornada de Pol&iacute;tica, Cultura, Econom&iacute;a y Sociedad: C&oacute;rdoba en el Siglo XIX<\/strong>&nbsp;destinada a docentes investigadores, estudiantes avanzados y p&uacute;blico en general.<\/span><\/p>\n<p style=\"text-align: justify;\"><span style=\"font-family: arial, helvetica, sans-serif; font-size: 10pt;\">Distinguidos especialistas abordar&aacute;n, desde la perspectiva hist&oacute;rica, diversas tem&aacute;ticas en relaci&oacute;n con lacultura, sociedad, econom&iacute;a y pol&iacute;tica de C&oacute;rdoba durante el siglo XIX.<\/span><\/p>\n<p style=\"text-align: justify;\"><span style=\"font-family: arial, helvetica, sans-serif; font-size: 10pt;\">En el transcurso de la Jornada &ndash; ma&ntilde;ana y tarde- se desarrollar&aacute;n nueve conferencias. Los docentes que asistan y deseen acreditar con puntaje oficial, deber&aacute;n participar en las conferencias Introductoria, Inaugural y Central, en una de las que se realizar&aacute;n durante la ma&ntilde;ana y en una de la tarde.<\/span><\/p>\n<p style=\"text-align: justify;\"><span style=\"font-family: arial, helvetica, sans-serif; font-size: 10pt;\"><strong>Modalidad<\/strong>: Presencial<\/span><\/p>\n<p style=\"text-align: justify;\"><strong><span style=\"font-family: arial, helvetica, sans-serif; font-size: 10pt;\">Acreditaci&oacute;n<\/span><\/strong><\/p>\n<p style=\"text-align: justify;\"><span style=\"font-family: arial, helvetica, sans-serif; font-size: 10pt;\">&#8211; Todos los participantes recibir&aacute;n Certificado de Asistencia.<\/span><\/p>\n<p style=\"text-align: justify;\"><span style=\"font-family: arial, helvetica, sans-serif; font-size: 10pt;\">&#8211; Los participantes docentes que cumplan con los requisitos establecidos, acreditar&aacute;n 10 hs. reloj mediante Certificado de Curso, emitido por Red Provincial de Formaci&oacute;n Docente Continua.<\/span><\/p>\n<p style=\"text-align: justify;\"><strong><span style=\"font-family: arial, helvetica, sans-serif; font-size: 10pt;\">Fecha y Lugar<\/span><\/strong><\/p>\n<p style=\"text-align: justify;\"><span style=\"font-family: arial, helvetica, sans-serif; font-size: 10pt;\">27 de setiembre de 8:30 a 17 hs. en el Complejo Ferial Cordoba &ndash; Pabell&oacute;n Amarillo &ndash; Av. Ram&oacute;n J C&aacute;rcano s\/n- C&oacute;rdoba &ndash; Capital.<\/span><\/p>\n<p style=\"text-align: justify;\"><strong><span style=\"font-family: arial, helvetica, sans-serif; font-size: 10pt;\">Destinatarios<\/span><\/strong><\/p>\n<p style=\"text-align: justify;\"><span style=\"font-family: arial, helvetica, sans-serif; font-size: 10pt;\">Docentes en actividad de Educaci&oacute;n Secundaria y de Educaci&oacute;n Superior del &Aacute;rea de Ciencias Sociales. Otros Interesados en la tem&aacute;tica propuesta en la Jornada (Investigadores, estudiantes avanzados y p&uacute;blico engeneral).<\/span><\/p>\n<p style=\"text-align: justify;\"><strong><span style=\"font-family: arial, helvetica, sans-serif; font-size: 10pt;\">Cupo<\/span><\/strong><\/p>\n<p style=\"text-align: justify;\"><span style=\"font-family: arial, helvetica, sans-serif; font-size: 10pt;\">Docentes de Nivel Superior: 100<\/span><\/p>\n<p style=\"text-align: justify;\"><span style=\"font-family: arial, helvetica, sans-serif; font-size: 10pt;\">Docentes de Educaci&oacute;n Secundaria: 200<\/span><\/p>\n<p style=\"text-align: justify;\"><span style=\"font-family: arial, helvetica, sans-serif; font-size: 10pt;\">Otros (Investigadores, estudiantes avanzados y p&uacute;blicos en general): 100<\/span><\/p>\n<p style=\"text-align: justify;\"><strong><span style=\"font-family: arial, helvetica, sans-serif; font-size: 10pt;\">Inscripci&oacute;n<\/span><\/strong><\/p>\n<p style=\"text-align: justify;\"><span style=\"font-family: arial, helvetica, sans-serif; font-size: 10pt;\">Los docentes interesados podr&aacute;n inscribirse utilizando el Formulario disponible en la p&aacute;gina Web de la Subsecretar&iacute;a de Estado de Promoci&oacute;n de Igualdad y Calidad Educativa: <a title=\"http:\/\/www.igualdadycalidadcba.gov.ar\/SIPEC-CBA\/Capacitacion2012\/MasDeUnNivel1.php\" href=\"http:\/\/www.igualdadycalidadcba.gov.ar\/SIPEC-CBA\/Capacitacion2012\/MasDeUnNivel1.php\" target=\"_blank\">Clic Aqu&iacute;<\/a>.<\/span><\/p>\n<p style=\"text-align: justify;\"><span style=\"font-family: arial, helvetica, sans-serif; font-size: 10pt;\"><strong>Cierre de Inscripci&oacute;n<\/strong>&nbsp;<\/span><\/p>\n<p style=\"text-align: justify;\"><span style=\"font-family: arial, helvetica, sans-serif; font-size: 10pt;\">Viernes 21 de septiembre de 2012 a las 12 hs. Cubierto el cupo de la sede, la inscripci&oacute;n se cierra autom&aacute;ticamente.<\/span><\/p>\n<p style=\"text-align: justify;\"><span style=\"font-family: arial, helvetica, sans-serif; font-size: 10pt;\"><strong>Para mayor informaci&oacute;n<\/strong>: <a title=\"JORNADA de POL&Iacute;TICA, CULTURA, ECONOM&Iacute;A y SOCIEDAD#DP# C&Oacute;RDOBA en el SIGLO XIX - 2012\" href=\"upload\/Jornada_de_Historia_2012presentacion_FINAL.pdf\" target=\"_blank\">Clic Aqu&iacute;<\/a>.<\/span><\/p><\/p>\n","protected":false},"excerpt":{"rendered":"<p>Jornada de Pol\u00edtica, Cultura, Econom\u00eda y Sociedad: C\u00f3rdoba en el Siglo XIX La Direcci&oacute;n General de Educaci&oacute;n Superior de C&oacute;rdoba invita a la&nbsp;Jornada de Pol&iacute;tica, Cultura, Econom&iacute;a y Sociedad: C&oacute;rdoba en el Siglo XIX&nbsp;destinada a docentes investigadores, estudiantes avanzados y p&uacute;blico en general. Distinguidos especialistas abordar&aacute;n, desde la perspectiva hist&oacute;rica, diversas tem&aacute;ticas en relaci&oacute;n con &#8230; <a title=\"Jornada de Pol\u00edtica, Cultura, Econom\u00eda y Sociedad: C\u00f3rdoba en el Siglo XIX\" class=\"read-more\" href=\"https:\/\/dges-cba.infd.edu.ar\/sitio\/jornada-de-politica-cultura-economia-y-sociedad-cordoba-en-el-siglo-xix\/\" aria-label=\"More on Jornada de Pol\u00edtica, Cultura, Econom\u00eda y Sociedad: C\u00f3rdoba en el Siglo XIX\">[+]<\/a><\/p>\n","protected":false},"author":17224,"featured_media":0,"comment_status":"open","ping_status":"open","sticky":false,"template":"","format":"standard","meta":[],"categories":[7,6],"tags":[],"acf":[],"_links":{"self":[{"href":"https:\/\/dges-cba.infd.edu.ar\/sitio\/wp-json\/wp\/v2\/posts\/6015"}],"collection":[{"href":"https:\/\/dges-cba.infd.edu.ar\/sitio\/wp-json\/wp\/v2\/posts"}],"about":[{"href":"https:\/\/dges-cba.infd.edu.ar\/sitio\/wp-json\/wp\/v2\/types\/post"}],"author":[{"embeddable":true,"href":"https:\/\/dges-cba.infd.edu.ar\/sitio\/wp-json\/wp\/v2\/users\/17224"}],"replies":[{"embeddable":true,"href":"https:\/\/dges-cba.infd.edu.ar\/sitio\/wp-json\/wp\/v2\/comments?post=6015"}],"version-history":[{"count":0,"href":"https:\/\/dges-cba.infd.edu.ar\/sitio\/wp-json\/wp\/v2\/posts\/6015\/revisions"}],"wp:attachment":[{"href":"https:\/\/dges-cba.infd.edu.ar\/sitio\/wp-json\/wp\/v2\/media?parent=6015"}],"wp:term":[{"taxonomy":"category","embeddable":true,"href":"https:\/\/dges-cba.infd.edu.ar\/sitio\/wp-json\/wp\/v2\/categories?post=6015"},{"taxonomy":"post_tag","embeddable":true,"href":"https:\/\/dges-cba.infd.edu.ar\/sitio\/wp-json\/wp\/v2\/tags?post=6015"}],"curies":[{"name":"wp","href":"https:\/\/api.w.org\/{rel}","templated":true}]}}