{"id":6017,"date":"2012-09-18T00:00:00","date_gmt":"2012-09-18T00:00:00","guid":{"rendered":"https:\/\/dges-cba.infd.edu.ar\/sitio\/encuentro-regional-de-cambio-y-desarrollo-curricular-de-profesorados-de-educacion-secundaria-en-biologia-y-matematica\/"},"modified":"2012-09-18T00:00:00","modified_gmt":"2012-09-18T00:00:00","slug":"encuentro-regional-de-cambio-y-desarrollo-curricular-de-profesorados-de-educacion-secundaria-en-biologia-y-matematica","status":"publish","type":"post","link":"https:\/\/dges-cba.infd.edu.ar\/sitio\/encuentro-regional-de-cambio-y-desarrollo-curricular-de-profesorados-de-educacion-secundaria-en-biologia-y-matematica\/","title":{"rendered":"Encuentro Regional de Cambio y Desarrollo Curricular de Profesorados de Educaci\u00f3n Secundaria en Biolog\u00eda y Matem\u00e1tica"},"content":{"rendered":"<p class=\"sitio_noticia_volanta\" >\n<h3>Encuentro Regional de Cambio y Desarrollo Curricular de Profesorados de Educaci\u00f3n Secundaria en Biolog\u00eda y Matem\u00e1tica<\/h3>\n<p class=\"sitio_noticia_copete\" >\n<hr class=\"sitio_noticia_contenido\" \/>\n<p >\n<p style=\"text-align: justify;\"><span style=\"font-family: arial, helvetica, sans-serif; font-size: 10pt;\">En el marco del Proceso de Cambio y Desarrollo Curricular, la <strong>Direcci&oacute;n General de Educaci&oacute;n Superior<\/strong> invita a los docentes de los &nbsp;Profesorados de Educaci&oacute;n Secundaria en Biolog&iacute;a y Matem&aacute;tica, que se detallan a continuaci&oacute;n, al Encuentro Regional a realizarse en C&oacute;rdoba Capital, el d&iacute;a viernes 28 de septiembre de 09:30 a 15:30 hs. en &nbsp;el Instituto Superior Carlos Leguizam&oacute;n sito en Avda Arenales 1177, frente al ex Hospital espa&ntilde;ol.<\/span><\/p>\n<p style=\"text-align: justify;\"><span style=\"font-family: arial, helvetica, sans-serif; font-size: 10pt;\">Los docentes invitados pertenecen al primer y segundo a&ntilde;os de los tres Campos de la Formaci&oacute;n, de los siguientes profesorados:<\/span><\/p>\n<ul>\n<li><span style=\"font-family: arial, helvetica, sans-serif; font-size: 10pt;\">I.S.F.D. Sim&oacute;n Bolivar &#8211; Capital Cba<\/span><\/li>\n<li><span style=\"font-family: arial, helvetica, sans-serif; font-size: 10pt;\">I.S.F.D. Eduardo Lefebvre de Laboulaye &#8211; Laboulaye<\/span><\/li>\n<li><span style=\"font-family: arial, helvetica, sans-serif; font-size: 10pt;\">I.S.F.D. Eduardo Mar&iacute;a Justa Moyano de Espeleta &#8211; Morteros<\/span><\/li>\n<li><span style=\"font-family: arial, helvetica, sans-serif; font-size: 10pt;\">I.S.F.D. Nuestra Madre de la Merced &#8211; Capital Cba<\/span><\/li>\n<li><span style=\"font-family: arial, helvetica, sans-serif; font-size: 10pt;\">I.S.F.D. Mariano Fragueiro Embalse &#8211; Embalse<\/span><\/li>\n<li><span style=\"font-family: arial, helvetica, sans-serif; font-size: 10pt;\">I.S.F.D. Martha A. Salotti Anexo Huinca Renanco<\/span><\/li>\n<li><span style=\"font-family: arial, helvetica, sans-serif; font-size: 10pt;\">I.S.F.D. Zarela M. de Toledo &#8211; Jes&uacute;s Mar&iacute;a<\/span><\/li>\n<li><span style=\"font-family: arial, helvetica, sans-serif; font-size: 10pt;\">Colegio Superior San Mart&iacute;n &#8211; San Francisco<\/span><\/li>\n<li><span style=\"font-family: arial, helvetica, sans-serif; font-size: 10pt;\">Instituto Superior Cat&oacute;lico &#8211; Capital<\/span><\/li>\n<li><span style=\"font-family: arial, helvetica, sans-serif; font-size: 10pt;\">Instituto Superior Luis Kloster &#8211; Isla Verde<\/span><\/li>\n<li><span style=\"font-family: arial, helvetica, sans-serif; font-size: 10pt;\">Instituto Superior del Profesorado de Laborde &#8211; Laborde<\/span><\/li>\n<li><span style=\"font-family: arial, helvetica, sans-serif; font-size: 10pt;\">ISFD Gustavo Mart&iacute;nez Suvir&iacute;a &#8211; Las Varillas<\/span><\/li>\n<li><span style=\"font-family: arial, helvetica, sans-serif; font-size: 10pt;\">ISFD &nbsp;Mariano Moreno &#8211; Bell Ville<\/span><\/li>\n<li><span style=\"font-family: arial, helvetica, sans-serif; font-size: 10pt;\">Escuela Normal Superior General Manuel Belgrano &#8211; Marcos Ju&aacute;rez<\/span><\/li>\n<\/ul>\n<p style=\"text-align: justify;\"><span style=\"font-family: arial, helvetica, sans-serif; font-size: 10pt;\">Las tem&aacute;ticas a abordar considerar&aacute;n el proceso general del desarrollo del cambio curricular en estos Profesorados en los tres campos de la formaci&oacute;n, particularizando las experiencias y problem&aacute;ticas en torno al Campo Espec&iacute;fico, al Taller Integrador y a los formatos curriculares y su evaluaci&oacute;n.&nbsp;<\/span><\/p>\n<p style=\"text-align: justify;\"><span style=\"font-family: arial, helvetica, sans-serif; font-size: 10pt;\">Se gestionar&aacute; el reconocimiento del cambio de actividad para promover la asistencia de los docentes invitados.&nbsp;<\/span><\/p>\n<p style=\"text-align: justify;\"><span style=\"font-family: arial, helvetica, sans-serif; font-size: 10pt;\">Se ruega a los Directores de cada ISFD, confirmar con anticipaci&oacute;n el n&uacute;mero de docentes que asistir&aacute; al encuentro.<\/span><\/p>\n<p style=\"text-align: justify;\"><span style=\"font-family: arial, helvetica, sans-serif; font-size: 10pt;\"><strong>Aclaraci&oacute;n sobre la nueva cobertura de gastos de traslado para los asistentes a los encuentros presenciales<\/strong>: <a title=\"Cobertura de Gastos de Traslados\" href=\"index.cgi?wid_item=107&amp;wid_seccion=52\">Clic Aqu&iacute;<\/a>.&nbsp;<\/span><\/p>\n<p style=\"text-align: justify;\"><span style=\"font-family: arial, helvetica, sans-serif; font-size: 10pt;\"><strong>Consultas<\/strong>: Ruthi Gotthelf g_ruthi@hotmail.com &oacute; Mirtha Fassina mirfassina@yahoo.com.<\/span><\/p><\/p>\n","protected":false},"excerpt":{"rendered":"<p>Encuentro Regional de Cambio y Desarrollo Curricular de Profesorados de Educaci\u00f3n Secundaria en Biolog\u00eda y Matem\u00e1tica En el marco del Proceso de Cambio y Desarrollo Curricular, la Direcci&oacute;n General de Educaci&oacute;n Superior invita a los docentes de los &nbsp;Profesorados de Educaci&oacute;n Secundaria en Biolog&iacute;a y Matem&aacute;tica, que se detallan a continuaci&oacute;n, al Encuentro Regional a &#8230; <a title=\"Encuentro Regional de Cambio y Desarrollo Curricular de Profesorados de Educaci\u00f3n Secundaria en Biolog\u00eda y Matem\u00e1tica\" class=\"read-more\" href=\"https:\/\/dges-cba.infd.edu.ar\/sitio\/encuentro-regional-de-cambio-y-desarrollo-curricular-de-profesorados-de-educacion-secundaria-en-biologia-y-matematica\/\" aria-label=\"More on Encuentro Regional de Cambio y Desarrollo Curricular de Profesorados de Educaci\u00f3n Secundaria en Biolog\u00eda y Matem\u00e1tica\">[+]<\/a><\/p>\n","protected":false},"author":17224,"featured_media":0,"comment_status":"open","ping_status":"open","sticky":false,"template":"","format":"standard","meta":[],"categories":[7,6],"tags":[],"acf":[],"_links":{"self":[{"href":"https:\/\/dges-cba.infd.edu.ar\/sitio\/wp-json\/wp\/v2\/posts\/6017"}],"collection":[{"href":"https:\/\/dges-cba.infd.edu.ar\/sitio\/wp-json\/wp\/v2\/posts"}],"about":[{"href":"https:\/\/dges-cba.infd.edu.ar\/sitio\/wp-json\/wp\/v2\/types\/post"}],"author":[{"embeddable":true,"href":"https:\/\/dges-cba.infd.edu.ar\/sitio\/wp-json\/wp\/v2\/users\/17224"}],"replies":[{"embeddable":true,"href":"https:\/\/dges-cba.infd.edu.ar\/sitio\/wp-json\/wp\/v2\/comments?post=6017"}],"version-history":[{"count":0,"href":"https:\/\/dges-cba.infd.edu.ar\/sitio\/wp-json\/wp\/v2\/posts\/6017\/revisions"}],"wp:attachment":[{"href":"https:\/\/dges-cba.infd.edu.ar\/sitio\/wp-json\/wp\/v2\/media?parent=6017"}],"wp:term":[{"taxonomy":"category","embeddable":true,"href":"https:\/\/dges-cba.infd.edu.ar\/sitio\/wp-json\/wp\/v2\/categories?post=6017"},{"taxonomy":"post_tag","embeddable":true,"href":"https:\/\/dges-cba.infd.edu.ar\/sitio\/wp-json\/wp\/v2\/tags?post=6017"}],"curies":[{"name":"wp","href":"https:\/\/api.w.org\/{rel}","templated":true}]}}