{"id":6353,"date":"2013-09-27T00:00:00","date_gmt":"2013-09-27T00:00:00","guid":{"rendered":"https:\/\/dges-cba.infd.edu.ar\/sitio\/encuentro-de-acompanamiento-y-desarrollo-curricular-de-la-practica-docente-de-los-profesorados-de-educacion-fisica\/"},"modified":"2013-09-27T00:00:00","modified_gmt":"2013-09-27T00:00:00","slug":"encuentro-de-acompanamiento-y-desarrollo-curricular-de-la-practica-docente-de-los-profesorados-de-educacion-fisica","status":"publish","type":"post","link":"https:\/\/dges-cba.infd.edu.ar\/sitio\/encuentro-de-acompanamiento-y-desarrollo-curricular-de-la-practica-docente-de-los-profesorados-de-educacion-fisica\/","title":{"rendered":"Encuentro de Acompa\u00f1amiento y Desarrollo Curricular de la Pr\u00e1ctica Docente de los Profesorados de Educaci\u00f3n F\u00edsica"},"content":{"rendered":"<p class=\"sitio_noticia_volanta\" >\n<h3>Encuentro de Acompa\u00f1amiento y Desarrollo Curricular de la Pr\u00e1ctica Docente de los Profesorados de Educaci\u00f3n F\u00edsica<\/h3>\n<p class=\"sitio_noticia_copete\" >\n<hr class=\"sitio_noticia_contenido\" \/>\n<p >\n<p style=\"text-align: justify;\"><span style=\"font-family: arial, helvetica, sans-serif; font-size: 10pt;\">La&nbsp;<strong>Direcci&oacute;n General de Educaci&oacute;n Superior<\/strong>&nbsp;de C&oacute;rdoba informa que el d&iacute;a viernes 4 de octubre se realizar&aacute; el <strong>encuentro de acompa&ntilde;amiento y desarrollo curricular de la Pr&aacute;ctica Docente para los Profesorados de Educaci&oacute;n F&iacute;sica<\/strong>, en la Escuela Superior de Bellas Artes Dr. Figueroa Alcorta, Ciudad de las Artes (frente al ex Hospital Espa&ntilde;ol) &nbsp;entre las 9:30 y 16:00 hs.<\/span><\/p>\n<p style=\"text-align: justify;\"><span style=\"font-family: arial, helvetica, sans-serif; font-size: 10pt;\">Est&aacute;n convocados todos los profesores a cargo de las unidades curriculares de Pr&aacute;ctica docente I, II, III y IV de cada uno de los profesorados de Gesti&oacute;n Estatal y Privada.<\/span><\/p>\n<p style=\"text-align: justify;\"><span style=\"font-family: arial, helvetica, sans-serif; font-size: 10pt;\">El objetivo de este encuentro es generar un espacio de intercambio entre los docentes a cargo de cada una de las unidades curriculares del campo de la pr&aacute;ctica docente a fin de compartir: decisiones did&aacute;cticas asumidas, acciones realizadas, formas organizativas y modos de evaluaci&oacute;n concretadas hasta el momento. Asimismo se busca identificar y profundizar las experiencias institucionales de articulaci&oacute;n de Pr&aacute;ctica Docente I, II, III y IV.<\/span><\/p>\n<p style=\"text-align: justify;\"><span style=\"font-family: arial, helvetica, sans-serif; font-size: 10pt;\">Para un mejor desarrollo del encuentro les solicitamos acudir al mismo con programas y\/o proyectos&nbsp; como insumo para esta jornada de trabajo, y anticipar asistencia.<\/span><\/p>\n<p style=\"text-align: justify;\"><span style=\"font-family: arial, helvetica, sans-serif; font-size: 10pt;\">Se cubrir&aacute;n los gastos de traslados.<\/span><\/p>\n<p style=\"text-align: justify;\"><span style=\"font-family: arial, helvetica, sans-serif; font-size: 10pt;\"><strong>Consultas<\/strong>: mirfassina@yahoo.com<\/span><\/p><\/p>\n","protected":false},"excerpt":{"rendered":"<p>Encuentro de Acompa\u00f1amiento y Desarrollo Curricular de la Pr\u00e1ctica Docente de los Profesorados de Educaci\u00f3n F\u00edsica La&nbsp;Direcci&oacute;n General de Educaci&oacute;n Superior&nbsp;de C&oacute;rdoba informa que el d&iacute;a viernes 4 de octubre se realizar&aacute; el encuentro de acompa&ntilde;amiento y desarrollo curricular de la Pr&aacute;ctica Docente para los Profesorados de Educaci&oacute;n F&iacute;sica, en la Escuela Superior de Bellas &#8230; <a title=\"Encuentro de Acompa\u00f1amiento y Desarrollo Curricular de la Pr\u00e1ctica Docente de los Profesorados de Educaci\u00f3n F\u00edsica\" class=\"read-more\" href=\"https:\/\/dges-cba.infd.edu.ar\/sitio\/encuentro-de-acompanamiento-y-desarrollo-curricular-de-la-practica-docente-de-los-profesorados-de-educacion-fisica\/\" aria-label=\"More on Encuentro de Acompa\u00f1amiento y Desarrollo Curricular de la Pr\u00e1ctica Docente de los Profesorados de Educaci\u00f3n F\u00edsica\">[+]<\/a><\/p>\n","protected":false},"author":17224,"featured_media":0,"comment_status":"open","ping_status":"open","sticky":false,"template":"","format":"standard","meta":[],"categories":[7,6],"tags":[],"acf":[],"_links":{"self":[{"href":"https:\/\/dges-cba.infd.edu.ar\/sitio\/wp-json\/wp\/v2\/posts\/6353"}],"collection":[{"href":"https:\/\/dges-cba.infd.edu.ar\/sitio\/wp-json\/wp\/v2\/posts"}],"about":[{"href":"https:\/\/dges-cba.infd.edu.ar\/sitio\/wp-json\/wp\/v2\/types\/post"}],"author":[{"embeddable":true,"href":"https:\/\/dges-cba.infd.edu.ar\/sitio\/wp-json\/wp\/v2\/users\/17224"}],"replies":[{"embeddable":true,"href":"https:\/\/dges-cba.infd.edu.ar\/sitio\/wp-json\/wp\/v2\/comments?post=6353"}],"version-history":[{"count":0,"href":"https:\/\/dges-cba.infd.edu.ar\/sitio\/wp-json\/wp\/v2\/posts\/6353\/revisions"}],"wp:attachment":[{"href":"https:\/\/dges-cba.infd.edu.ar\/sitio\/wp-json\/wp\/v2\/media?parent=6353"}],"wp:term":[{"taxonomy":"category","embeddable":true,"href":"https:\/\/dges-cba.infd.edu.ar\/sitio\/wp-json\/wp\/v2\/categories?post=6353"},{"taxonomy":"post_tag","embeddable":true,"href":"https:\/\/dges-cba.infd.edu.ar\/sitio\/wp-json\/wp\/v2\/tags?post=6353"}],"curies":[{"name":"wp","href":"https:\/\/api.w.org\/{rel}","templated":true}]}}