{"id":6383,"date":"2013-10-22T00:00:00","date_gmt":"2013-10-22T00:00:00","guid":{"rendered":"https:\/\/dges-cba.infd.edu.ar\/sitio\/prorroga-para-la-presentacion-de-proyectos-de-investigacion-convocatoria-2013\/"},"modified":"2013-10-22T00:00:00","modified_gmt":"2013-10-22T00:00:00","slug":"prorroga-para-la-presentacion-de-proyectos-de-investigacion-convocatoria-2013","status":"publish","type":"post","link":"https:\/\/dges-cba.infd.edu.ar\/sitio\/prorroga-para-la-presentacion-de-proyectos-de-investigacion-convocatoria-2013\/","title":{"rendered":"Pr\u00f3rroga para la Presentaci\u00f3n de Proyectos de Investigaci\u00f3n &#8211; Convocatoria 2013"},"content":{"rendered":"<p class=\"sitio_noticia_volanta\" >\n<h3>Pr\u00f3rroga para la Presentaci\u00f3n de Proyectos de Investigaci\u00f3n &#8211; Convocatoria 2013<\/h3>\n<p class=\"sitio_noticia_copete\" >\n<hr class=\"sitio_noticia_contenido\" \/>\n<p >\n<p style=\"text-align: justify;\"><span style=\"font-family: arial, helvetica, sans-serif; font-size: 10pt;\">La <strong>Direcci&oacute;n General de Educaci&oacute;n Superior<\/strong> de C&oacute;rdoba informa a todos los interesados que el I.N.F.D. ha <strong>extendido los plazos para la presentaci&oacute;n de proyectos en el marco de la convocatoria de Proyectos de Investigaci&oacute;n de Institutos Superiores de Formaci&oacute;n Docente<\/strong>. El cierre inicial estaba previsto entre los d&iacute;as 23 y 26 de octubre, seg&uacute;n cada jurisdicci&oacute;n.<\/span><\/p>\n<p style=\"text-align: justify;\"><span style=\"font-family: arial, helvetica, sans-serif; font-size: 10pt;\">En el siguiente cuadro puede verse el nuevo esquema de fechas de cierre.<\/span><\/p>\n<table border=\"1\" align=\"center\">\n<tbody>\n<tr>\n<td><span style=\"font-family: arial, helvetica, sans-serif; font-size: 10pt;\"><strong>Jurisdicci&oacute;n<\/strong><\/span><\/td>\n<td><span style=\"font-family: arial, helvetica, sans-serif; font-size: 10pt;\"><strong>Cierre inicial<\/strong><\/span><\/td>\n<td><span style=\"font-family: arial, helvetica, sans-serif; font-size: 10pt;\"><strong>PR&Oacute;RROGA<\/strong><\/span><\/td>\n<\/tr>\n<tr>\n<td><span style=\"font-family: arial, helvetica, sans-serif; font-size: 10pt;\">Buenos Aires &#8211; La Pampa<\/span><\/td>\n<td><span style=\"font-family: arial, helvetica, sans-serif; font-size: 10pt;\">23\/10\/13<\/span><\/td>\n<td><span style=\"font-family: arial, helvetica, sans-serif; font-size: 10pt;\"><strong>6\/11\/13<\/strong><\/span><\/td>\n<\/tr>\n<tr>\n<td><span style=\"font-family: arial, helvetica, sans-serif; font-size: 10pt;\">Chubut &ndash; Neuqu&eacute;n &#8211; R&iacute;o Negro &#8211; Santa Cruz &#8211; Santa Fe &#8211; Tierra del Fuego<\/span><\/td>\n<td><span style=\"font-family: arial, helvetica, sans-serif; font-size: 10pt;\">24\/10\/13<\/span><\/td>\n<td><span style=\"font-family: arial, helvetica, sans-serif; font-size: 10pt;\"><strong>7\/11\/13<\/strong><\/span><\/td>\n<\/tr>\n<tr>\n<td><span style=\"font-family: arial, helvetica, sans-serif; font-size: 10pt;\">CABA &ndash; C&oacute;rdoba &#8211; La Rioja &ndash; Mendoza &#8211; San Juan &#8211; San Luis<\/span><\/td>\n<td><span style=\"font-family: arial, helvetica, sans-serif; font-size: 10pt;\">25\/10\/13<\/span><\/td>\n<td><span style=\"font-family: arial, helvetica, sans-serif; font-size: 10pt;\"><strong>8\/11\/13<\/strong><\/span><\/td>\n<\/tr>\n<tr>\n<td><span style=\"font-family: arial, helvetica, sans-serif; font-size: 10pt;\">Catamarca &ndash; Chaco &#8211; Corrientes &#8211; Entre R&iacute;os &#8211; Formosa &ndash; Jujuy &#8211; Misiones &ndash; Salta &#8211; Santiago del Estero &ndash; Tucum&aacute;n<\/span><\/td>\n<td><span style=\"font-family: arial, helvetica, sans-serif; font-size: 10pt;\">26\/10\/13<\/span><\/td>\n<td><span style=\"font-family: arial, helvetica, sans-serif; font-size: 10pt;\"><strong>9\/11\/13<\/strong><\/span><\/td>\n<\/tr>\n<\/tbody>\n<\/table>\n<p style=\"text-align: justify;\"><span style=\"font-family: arial, helvetica, sans-serif; font-size: 10pt;\">Los proyectos de investigaci&oacute;n se cargan exclusivamente en el formulario electr&oacute;nico en l&iacute;nea a trav&eacute;s de Internet, accediendo a: <a title=\"http:\/\/www.convocatoriainfd.com.ar\" href=\"http:\/\/www.convocatoriainfd.com.ar\" target=\"_blank\">http:\/\/www.convocatoriainfd.com.ar<\/a>. All&iacute; se encuentra tambi&eacute;n un manual para la carga del proyecto. Las Bases y Condiciones est&aacute;n disponibles <a title=\"http:\/\/portales.educacion.gov.ar\/infd\/wp-content\/blogs.dir\/27\/files\/2013\/09\/CONVOCATORIA-2013-Bases.pdf\" href=\"http:\/\/portales.educacion.gov.ar\/infd\/wp-content\/blogs.dir\/27\/files\/2013\/09\/CONVOCATORIA-2013-Bases.pdf\" target=\"_blank\">aqu&iacute;<\/a>.<\/span><\/p>\n<p style=\"text-align: justify;\"><span style=\"font-family: arial, helvetica, sans-serif; font-size: 10pt;\">Se recuerda que una vez finalizada la carga cada Equipo deber&aacute; imprimir dos (2) copias del proyecto de investigaci&oacute;n y enviarlas a la Direcci&oacute;n de Educaci&oacute;n Superior de su jurisdicci&oacute;n. El env&iacute;o debe incluir: el proyecto, las copias respaldatorias de los antecedentes del director del proyecto, los avales institucionales firmados y el formulario oficial para que la Direcci&oacute;n de Educaci&oacute;n Superior pueda avalar el proyecto.<\/span><\/p>\n<p style=\"text-align: justify;\"><span style=\"font-family: arial, helvetica, sans-serif; font-size: 10pt;\"><strong>Para m&aacute;s informaci&oacute;n<\/strong>: <a title=\"http:\/\/portales.educacion.gov.ar\/infd\/convocatoria-2013\/\" href=\"http:\/\/portales.educacion.gov.ar\/infd\/convocatoria-2013\/\" target=\"_blank\">http:\/\/portales.educacion.gov.ar\/infd\/convocatoria-2013\/<\/a><\/span><\/p>\n<p style=\"text-align: justify;\"><span style=\"font-family: arial, helvetica, sans-serif; font-size: 10pt;\"><strong>Tambi&eacute;n pueden comunicarse con la Referente de Investigaci&oacute;n de la DGES: <\/strong>Roxana Mercado &#8211; rmercado_ar@hotmail.com<\/span><\/p><\/p>\n","protected":false},"excerpt":{"rendered":"<p>Pr\u00f3rroga para la Presentaci\u00f3n de Proyectos de Investigaci\u00f3n &#8211; Convocatoria 2013 La Direcci&oacute;n General de Educaci&oacute;n Superior de C&oacute;rdoba informa a todos los interesados que el I.N.F.D. ha extendido los plazos para la presentaci&oacute;n de proyectos en el marco de la convocatoria de Proyectos de Investigaci&oacute;n de Institutos Superiores de Formaci&oacute;n Docente. El cierre inicial &#8230; <a title=\"Pr\u00f3rroga para la Presentaci\u00f3n de Proyectos de Investigaci\u00f3n &#8211; Convocatoria 2013\" class=\"read-more\" href=\"https:\/\/dges-cba.infd.edu.ar\/sitio\/prorroga-para-la-presentacion-de-proyectos-de-investigacion-convocatoria-2013\/\" aria-label=\"More on Pr\u00f3rroga para la Presentaci\u00f3n de Proyectos de Investigaci\u00f3n &#8211; Convocatoria 2013\">[+]<\/a><\/p>\n","protected":false},"author":17224,"featured_media":0,"comment_status":"open","ping_status":"open","sticky":false,"template":"","format":"standard","meta":[],"categories":[7,6],"tags":[],"acf":[],"_links":{"self":[{"href":"https:\/\/dges-cba.infd.edu.ar\/sitio\/wp-json\/wp\/v2\/posts\/6383"}],"collection":[{"href":"https:\/\/dges-cba.infd.edu.ar\/sitio\/wp-json\/wp\/v2\/posts"}],"about":[{"href":"https:\/\/dges-cba.infd.edu.ar\/sitio\/wp-json\/wp\/v2\/types\/post"}],"author":[{"embeddable":true,"href":"https:\/\/dges-cba.infd.edu.ar\/sitio\/wp-json\/wp\/v2\/users\/17224"}],"replies":[{"embeddable":true,"href":"https:\/\/dges-cba.infd.edu.ar\/sitio\/wp-json\/wp\/v2\/comments?post=6383"}],"version-history":[{"count":0,"href":"https:\/\/dges-cba.infd.edu.ar\/sitio\/wp-json\/wp\/v2\/posts\/6383\/revisions"}],"wp:attachment":[{"href":"https:\/\/dges-cba.infd.edu.ar\/sitio\/wp-json\/wp\/v2\/media?parent=6383"}],"wp:term":[{"taxonomy":"category","embeddable":true,"href":"https:\/\/dges-cba.infd.edu.ar\/sitio\/wp-json\/wp\/v2\/categories?post=6383"},{"taxonomy":"post_tag","embeddable":true,"href":"https:\/\/dges-cba.infd.edu.ar\/sitio\/wp-json\/wp\/v2\/tags?post=6383"}],"curies":[{"name":"wp","href":"https:\/\/api.w.org\/{rel}","templated":true}]}}