{"id":7674,"date":"2017-04-25T00:00:00","date_gmt":"2017-04-25T00:00:00","guid":{"rendered":"https:\/\/dges-cba.infd.edu.ar\/sitio\/publicacion-de-horas-catedra-vacantes-actas-y-listado-de-orden-de-merito-482\/"},"modified":"2017-04-25T00:00:00","modified_gmt":"2017-04-25T00:00:00","slug":"publicacion-de-horas-catedra-vacantes-actas-y-listado-de-orden-de-merito-482","status":"publish","type":"post","link":"https:\/\/dges-cba.infd.edu.ar\/sitio\/publicacion-de-horas-catedra-vacantes-actas-y-listado-de-orden-de-merito-482\/","title":{"rendered":"Publicaci\u00f3n de Horas C\u00e1tedra Vacantes, Actas y Listado de Orden de M\u00e9rito"},"content":{"rendered":"<p class=\"sitio_noticia_volanta\" >\n<h3>Publicaci\u00f3n de Horas C\u00e1tedra Vacantes, Actas y Listado de Orden de M\u00e9rito<\/h3>\n<p class=\"sitio_noticia_copete\" >\n<hr class=\"sitio_noticia_contenido\" \/>\n<p >\n<p style=\"text-align: justify;\"><span style=\"font-family: arial, helvetica, sans-serif; font-size: 10pt;\"> La <strong>Direcci&oacute;n General de Educaci&oacute;n Superior<\/strong> y la <strong>Direcci&oacute;n General de Educaci&oacute;n T&eacute;cnica y Formaci&oacute;n Profesional<\/strong> informan las siguientes publicaciones de Horas C&aacute;tedra Vacantes, Actas y Listado de Orden de M&eacute;rito:<\/span><\/p>\n<p style=\"text-align: justify;\"><span style=\"font-family: arial, helvetica, sans-serif; font-size: 10pt;\"><strong>Nuevas Convocatorias a Horas C&aacute;tedra<\/strong><\/span><\/p>\n<ul>\n<li style=\"text-align: justify; padding-bottom: 3px;\"><span style=\"font-family: arial, helvetica, sans-serif; font-size: 10pt;\">140215000-Instituto Superior de Formacion Docente Martha A. Salotti-Jovita &#8211; 687197986-Profesor\/a de Educaci&oacute;n Tecnol&oacute;gica &#8211; A78081-Materiales &#8211; 2 A &#8211; Extensi&oacute;n de Fecha<\/span><\/li>\n<li style=\"text-align: justify; padding-bottom: 3px;\"><span style=\"font-family: arial, helvetica, sans-serif; font-size: 10pt;\">140110100-Conservatorio Superior de M&uacute;sica Arturo Berutti-San Francisco &#8211; 687197758-Profesor\/a de M&uacute;sica &#8211; A78544-M&uacute;sicas Urbanas &#8211; 3 A<\/span><\/li>\n<li style=\"text-align: justify; padding-bottom: 3px;\"><span style=\"font-family: arial, helvetica, sans-serif; font-size: 10pt;\">140047500-Escuela Normal Superior Maestros Argentinos-Corral De Bustos &#8211; 687197983-Profesor\/a de Educaci&oacute;n Secundaria en Biolog&iacute;a &#8211; A77257-Pr&aacute;ctica Docente III: El Aula: Espacio Del Aprender Y Del Ense&ntilde;ar (Disponibilidad horaria para el cumplimiento de las funciones seg&uacute;n Resol. Minist. 93\/2011 (Memo N&ordm; 3\/12)) &#8211; 3 A<\/span><\/li>\n<li style=\"text-align: justify; padding-bottom: 3px;\"><span style=\"font-family: arial, helvetica, sans-serif; font-size: 10pt;\">140544100-Instituto T&eacute;cnico Superior C&oacute;rdoba-C&oacute;rdoba &#8211; 687198827-Tecnicatura Superior En Podolog&iacute;a &#8211; A75521-Pr&aacute;ctica Profesionalizante I &#8211; 1 A<\/span><\/li>\n<li style=\"text-align: justify; padding-bottom: 3px;\"><span style=\"font-family: arial, helvetica, sans-serif; font-size: 10pt;\">140544100-Instituto T&eacute;cnico Superior C&oacute;rdoba-C&oacute;rdoba &#8211; 687198827-Tecnicatura Superior En Podolog&iacute;a &#8211; A75522-Pr&aacute;ctica Profesionalizante II &#8211; 2 A<\/span><\/li>\n<li style=\"text-align: justify; padding-bottom: 3px;\"><span style=\"font-family: arial, helvetica, sans-serif; font-size: 10pt;\">140544100-Instituto T&eacute;cnico Superior C&oacute;rdoba-C&oacute;rdoba &#8211; 687198462-Tecnicatura Superior En Enfermer&iacute;a &#8211; A75522-Pr&aacute;ctica Profesionalizante II (baja) &#8211; 2 C<\/span><\/li>\n<li style=\"text-align: justify; padding-bottom: 3px;\"><span style=\"font-family: arial, helvetica, sans-serif; font-size: 10pt;\">140291400-Escuela Normal Superior Arturo Capdevila-La Falda &#8211; 687198147-Profesor\/a de Ingl&eacute;s &#8211; A80472-Educaci&oacute;n Sexual Integral (Educaci&oacute;n Sexual Integral) &#8211; 4 A<\/span><\/li>\n<\/ul>\n<p style=\"text-align: justify;\"><span style=\"font-family: arial, helvetica, sans-serif; font-size: 10pt;\"><strong>Nuevas Actas o Listados de Orden de M&eacute;rito de Horas C&aacute;tedra<\/strong><\/span><\/p>\n<ul>\n<li style=\"text-align: justify; padding-bottom: 3px;\"><span style=\"font-family: arial, helvetica, sans-serif; font-size: 10pt;\">140333800-Escuela Normal Superior Dr. Alejandro Carb&oacute;-C&oacute;rdoba &#8211; 687197716-Profesor\/a de Educaci&oacute;n Inicial &#8211; A76044-Oralidad Lectura Y Escritura &#8211; 1 A<\/span><\/li>\n<li style=\"text-align: justify; padding-bottom: 3px;\"><span style=\"font-family: arial, helvetica, sans-serif; font-size: 10pt;\">140333800-Escuela Normal Superior Dr. Alejandro Carb&oacute;-C&oacute;rdoba &#8211; 687197716-Profesor\/a de Educaci&oacute;n Inicial &#8211; A76825-Lengua: Lengua Y su Did&aacute;ctica \/ Alfabetizaci&oacute;n Inicial &#8211; 2 C &#8211; Rectificaci&oacute;n<\/span><\/li>\n<li style=\"text-align: justify; padding-bottom: 3px;\"><span style=\"font-family: arial, helvetica, sans-serif; font-size: 10pt;\">140333800-Escuela Normal Superior Dr. Alejandro Carb&oacute;-C&oacute;rdoba &#8211; 687197717-Profesor\/a de Educaci&oacute;n Primaria &#8211; A76044-Oralidad Lectura Y Escritura-Tronco Comun &#8211; 1 B &#8211; Rectificaci&oacute;n<\/span><\/li>\n<li style=\"text-align: justify; padding-bottom: 3px;\"><span style=\"font-family: arial, helvetica, sans-serif; font-size: 10pt;\">140333800-Escuela Normal Superior Dr. Alejandro Carb&oacute;-C&oacute;rdoba &#8211; 687197717-Profesor\/a de Educaci&oacute;n Primaria &#8211; A76831-Lengua Y su Did&aacute;ctica-Tronco Comun &#8211; 2 B<\/span><\/li>\n<li style=\"text-align: justify; padding-bottom: 3px;\"><span style=\"font-family: arial, helvetica, sans-serif; font-size: 10pt;\">140333800-Escuela Normal Superior Dr. Alejandro Carb&oacute;-C&oacute;rdoba &#8211; 687197717-Profesor\/a de Educaci&oacute;n Primaria &#8211; A76831-Lengua Y su Did&aacute;ctica-Tronco Comun &#8211; 2 A<\/span><\/li>\n<li style=\"text-align: justify; padding-bottom: 3px;\"><span style=\"font-family: arial, helvetica, sans-serif; font-size: 10pt;\">140333800-Escuela Normal Superior Dr. Alejandro Carb&oacute;-C&oacute;rdoba &#8211; 687197717-Profesor\/a de Educaci&oacute;n Primaria &#8211; A77259-Literatura En El Nivel Primario-Tronco Comun &#8211; 3 B<\/span><\/li>\n<li style=\"text-align: justify; padding-bottom: 3px;\"><span style=\"font-family: arial, helvetica, sans-serif; font-size: 10pt;\">140333800-Escuela Normal Superior Dr. Alejandro Carb&oacute;-C&oacute;rdoba &#8211; 687197717-Profesor\/a de Educaci&oacute;n Primaria &#8211; A77259-Literatura En El Nivel Primario-Tronco Comun &#8211; 3 C &#8211; Rectificaci&oacute;n<\/span><\/li>\n<li style=\"text-align: justify; padding-bottom: 3px;\"><span style=\"font-family: arial, helvetica, sans-serif; font-size: 10pt;\">140333800-Escuela Normal Superior Dr. Alejandro Carb&oacute;-C&oacute;rdoba &#8211; 687197717-Profesor\/a de Educaci&oacute;n Primaria &#8211; A77260-Alfabetizaci&oacute;n Inicial-Tronco Comun &#8211; 3 A<\/span><\/li>\n<li style=\"text-align: justify; padding-bottom: 3px;\"><span style=\"font-family: arial, helvetica, sans-serif; font-size: 10pt;\">140333800-Escuela Normal Superior Dr. Alejandro Carb&oacute;-C&oacute;rdoba &#8211; 687197717-Profesor\/a de Educaci&oacute;n Primaria &#8211; A77089-Seminario I: Problem&aacute;ticas De la Educaci&oacute;n De J&oacute;venes Y Adultos-Educaci&oacute;n Permanente de J&oacute;venes y Adultos (formacion especifica y7o experiencia en educacion de adultos ) &#8211; 2 C &#8211; Rectificaci&oacute;n<\/span><\/li>\n<li style=\"text-align: justify; padding-bottom: 3px;\"><span style=\"font-family: arial, helvetica, sans-serif; font-size: 10pt;\">140333800-Escuela Normal Superior Dr. Alejandro Carb&oacute;-C&oacute;rdoba &#8211; 687197717-Profesor\/a de Educaci&oacute;n Primaria &#8211; A77266-Seminario III: La Cultura Escrita En J&oacute;venes Y Adultos-Educaci&oacute;n Permanente de J&oacute;venes y Adultos (a termino) &#8211; 4 C<\/span><\/li>\n<li style=\"text-align: justify; padding-bottom: 3px;\"><span style=\"font-family: arial, helvetica, sans-serif; font-size: 10pt;\">140397100-Instituto de Ense&ntilde;anza Superior Sim&oacute;n Bol&iacute;var-C&oacute;rdoba &#8211; 687198144-Profesor\/a de Educaci&oacute;n Secundaria en Historia &#8211; A80032-Epistemolog&iacute;a E Investigaci&oacute;n Hist&oacute;rica (Profesor de Historia con especializaci&oacute;n o investigaciones en Ciencias Sociales \/ Licenciado en Historia) &#8211; 3 A &#8211; Rectificaci&oacute;n<\/span><\/li>\n<li style=\"text-align: justify; padding-bottom: 3px;\"><span style=\"font-family: arial, helvetica, sans-serif; font-size: 10pt;\">140397100-Instituto de Ense&ntilde;anza Superior Sim&oacute;n Bol&iacute;var-C&oacute;rdoba &#8211; 687198146-Profesor\/a de Educaci&oacute;n Secundaria en Lengua y Literatura &#8211; A76037-Psicolog&iacute;a Y Educaci&oacute;n (Profesor en Psicolog&iacute;a &#8211; Profesor en Psicopedagog&iacute;a &#8211; Profesor en Ciencias de la Educaci&oacute;n &#8211; Licenciado en Psicolog&iacute;a &#8211; Licenciado en Ciencias de la Educ todos con experiencia y desmpe&ntilde;o actual en nivel de destino) &#8211; 2 A<\/span><\/li>\n<li style=\"text-align: justify; padding-bottom: 3px;\"><span style=\"font-family: arial, helvetica, sans-serif; font-size: 10pt;\">140397100-Instituto de Ense&ntilde;anza Superior Sim&oacute;n Bol&iacute;var-C&oacute;rdoba &#8211; 687198146-Profesor\/a de Educaci&oacute;n Secundaria en Lengua y Literatura &#8211; A77320-Sujetos De la Educaci&oacute;n (Profesor en Psicologia con capacitacion en ESI. Prof. en Psicopedagog&iacute;a con capacitacion en ESI. &#8211; Licenciado en Psicolog&iacute;a con capacitacion en ESI. Licenciado en Psicopedagog&iacute;a con capacitacion en ESI. Con experiencia y desempe&ntilde;o actual en el nivel de destino) &#8211; 2 A<\/span><\/li>\n<li style=\"text-align: justify; padding-bottom: 3px;\"><span style=\"font-family: arial, helvetica, sans-serif; font-size: 10pt;\">140397100-Instituto de Ense&ntilde;anza Superior Sim&oacute;n Bol&iacute;var-C&oacute;rdoba &#8211; 687197982-Profesor\/a de Educaci&oacute;n Secundaria en Matem&aacute;tica &#8211; A77608-Elementos De la Aritm&eacute;tica Y Del Algebra (Profesor en Matem&aacute;tica &#8211; Licenciado en Matem&aacute;tica &#8211; Con experiencia en el nivel de destino) &#8211; 1 B<\/span><\/li>\n<li style=\"text-align: justify; padding-bottom: 3px;\"><span style=\"font-family: arial, helvetica, sans-serif; font-size: 10pt;\">140397100-Instituto de Ense&ntilde;anza Superior Sim&oacute;n Bol&iacute;var-C&oacute;rdoba &#8211; 687197982-Profesor\/a de Educaci&oacute;n Secundaria en Matem&aacute;tica &#8211; A77609-Problem&aacute;ticas De la Geometr&iacute;a I (Profesor en Matem&aacute;tica &#8211; Licenciado en Matem&aacute;tica &#8211; Con experiencia en el nivel de destino) &#8211; 1 A<\/span><\/li>\n<li style=\"text-align: justify; padding-bottom: 3px;\"><span style=\"font-family: arial, helvetica, sans-serif; font-size: 10pt;\">140397100-Instituto de Ense&ntilde;anza Superior Sim&oacute;n Bol&iacute;var-C&oacute;rdoba &#8211; 687197982-Profesor\/a de Educaci&oacute;n Secundaria en Matem&aacute;tica &#8211; A77609-Problem&aacute;ticas De la Geometr&iacute;a I (Profesor en Matem&aacute;tica &#8211; Licenciado en Matem&aacute;tica &#8211; Con experiencia en el nivel de destino) &#8211; 1 B<\/span><\/li>\n<li style=\"text-align: justify; padding-bottom: 3px;\"><span style=\"font-family: arial, helvetica, sans-serif; font-size: 10pt;\">140397100-Instituto de Ense&ntilde;anza Superior Sim&oacute;n Bol&iacute;var-C&oacute;rdoba &#8211; 687197982-Profesor\/a de Educaci&oacute;n Secundaria en Matem&aacute;tica &#8211; A77910-Problem&aacute;ticas Del An&aacute;lisis Matem&aacute;tico I (Profesor en Matem&aacute;tica &#8211; Licenciado en Matem&aacute;tica &#8211; Con experiencia en el nivel de destino) &#8211; 2 A<\/span><\/li>\n<li style=\"text-align: justify; padding-bottom: 3px;\"><span style=\"font-family: arial, helvetica, sans-serif; font-size: 10pt;\">140296400-Escuela Normal Superior Alta Gracia-Alta Gracia &#8211; 687197761-Profesor\/a de Educaci&oacute;n Especial con orientaci&oacute;n en Discapacidad Intelectual &#8211; A76036-Problem&aacute;ticas Socioantropol&oacute;gicas En Educaci&oacute;n (APERTURA) &#8211; 1 A<\/span><\/li>\n<li style=\"text-align: justify; padding-bottom: 3px;\"><span style=\"font-family: arial, helvetica, sans-serif; font-size: 10pt;\">140409000-Instituto Superior del Profesorado Tecnol&oacute;gico-C&oacute;rdoba &#8211; 687197986-Profesor\/a de Educaci&oacute;n Tecnol&oacute;gica &#8211; A76840-Pr&aacute;ctica Docente I &#8211; 1 A &#8211; Rectificaci&oacute;n<\/span><\/li>\n<li style=\"text-align: justify; padding-bottom: 3px;\"><span style=\"font-family: arial, helvetica, sans-serif; font-size: 10pt;\">140333800-Escuela Normal Superior Dr. Alejandro Carb&oacute;-C&oacute;rdoba &#8211; 687197716-Profesor\/a de Educaci&oacute;n Inicial &#8211; A77933-Dise&ntilde;o Y Construcci&oacute;n De Material Did&aacute;ctico (A TERMINO CAMBIO DE PLAN) &#8211; 4 C<\/span><\/li>\n<li style=\"text-align: justify; padding-bottom: 3px;\"><span style=\"font-family: arial, helvetica, sans-serif; font-size: 10pt;\">140333800-Escuela Normal Superior Dr. Alejandro Carb&oacute;-C&oacute;rdoba &#8211; 687197717-Profesor\/a de Educaci&oacute;n Primaria &#8211; A77257-Pr&aacute;ctica Docente III: El Aula: Espacio Del Aprender Y Del Ense&ntilde;ar-Tronco Comun &#8211; 3 B<\/span><\/li>\n<li style=\"text-align: justify; padding-bottom: 3px;\"><span style=\"font-family: arial, helvetica, sans-serif; font-size: 10pt;\">140321300-Colegio Superior San Mart&iacute;n-San Francisco &#8211; 687198243-Tecnicatura Superior En Desarrollo De Software &#8211; A79094-Arquitectura de las Computadoras (Prioridad: docente con continuidad en el cargo. Marco legal: Memo 1\/15 Anexo I inciso A1. Ingeniero o Lic. en informatica\/Sistemas de Informaci&oacute;n\/Ing. electr&oacute;nico. T&iacute;tulos Superiores Afines ) &#8211; 1 A<\/span><\/li>\n<li style=\"text-align: justify; padding-bottom: 3px;\"><span style=\"font-family: arial, helvetica, sans-serif; font-size: 10pt;\">140321300-Colegio Superior San Mart&iacute;n-San Francisco &#8211; 687198243-Tecnicatura Superior En Desarrollo De Software &#8211; A4005-Lengua y Comunicaci&oacute;n (Prioridad: docente con continuidad en el cargo. Marco legal: Memo 1\/15 Anexo I inciso A1. Perfil: Lic. en Comunicaci&oacute;n. Profesores de Nivel Superior o T&iacute;tulos Superiores Afines ) &#8211; 1 A<\/span><\/li>\n<li style=\"text-align: justify; padding-bottom: 3px;\"><span style=\"font-family: arial, helvetica, sans-serif; font-size: 10pt;\">140321300-Colegio Superior San Mart&iacute;n-San Francisco &#8211; 687198243-Tecnicatura Superior En Desarrollo De Software &#8211; A73196-Redes (Prioridad: docente con continuidad en el cargo. Marco legal: Memo 1\/15 Anexo I inciso A1. Perfil: Ing. o Lic. en Inform&aacute;tica\/Sistemas de Informaci&oacute;n. Ingeniero Electr&oacute;nico. T&iacute;tulo Superiores afines ) &#8211; 3 A<\/span><\/li>\n<li style=\"text-align: justify; padding-bottom: 3px;\"><span style=\"font-family: arial, helvetica, sans-serif; font-size: 10pt;\">140298700-Instituto de Ense&ntilde;anza Superior Eduardo Lefebvre de Laboulaye-Laboulaye &#8211; 687197742-Profesor\/a de Educaci&oacute;n F&iacute;sica &#8211; A76835-Fundamentos Biol&oacute;gicos Del Movimiento Humano I &#8211; 1 1<\/span><\/li>\n<li style=\"text-align: justify; padding-bottom: 3px;\"><span style=\"font-family: arial, helvetica, sans-serif; font-size: 10pt;\">140121400-Conservatorio Superior de M&uacute;sica Juan Jos&eacute; Castro-R&iacute;o Tercero &#8211; 687197802-Capacitaci&oacute;n para Graduados No Docentes &#8211; A77551-Trabajo Final (Conocimientos relacionados con Investigaci&oacute;n Educativa) &#8211; 2 A<\/span><\/li>\n<li style=\"text-align: justify; padding-bottom: 3px;\"><span style=\"font-family: arial, helvetica, sans-serif; font-size: 10pt;\">140215000-Instituto Superior de Formacion Docente Martha A. Salotti-Jovita &#8211; 687197986-Profesor\/a de Educaci&oacute;n Tecnol&oacute;gica &#8211; A76821-Did&aacute;ctica General &#8211; 2 A<\/span><\/li>\n<li style=\"text-align: justify; padding-bottom: 3px;\"><span style=\"font-family: arial, helvetica, sans-serif; font-size: 10pt;\">140121400-Conservatorio Superior de M&uacute;sica Juan Jos&eacute; Castro-R&iacute;o Tercero &#8211; 687198122-Profesor\/a de Danza &#8211; A80110-Danza Contempor&aacute;nea III &#8211; 3 A<\/span><\/li>\n<li style=\"text-align: justify; padding-bottom: 3px;\"><span style=\"font-family: arial, helvetica, sans-serif; font-size: 10pt;\">140298700-Instituto de Ense&ntilde;anza Superior Eduardo Lefebvre de Laboulaye-Laboulaye &#8211; 687197742-Profesor\/a de Educaci&oacute;n F&iacute;sica &#8211; A77312-Vida En La Naturaleza I &#8211; 2 1<\/span><\/li>\n<li style=\"text-align: justify; padding-bottom: 3px;\"><span style=\"font-family: arial, helvetica, sans-serif; font-size: 10pt;\">140298700-Instituto de Ense&ntilde;anza Superior Eduardo Lefebvre de Laboulaye-Laboulaye &#8211; 687198144-Profesor\/a de Educaci&oacute;n Secundaria en Historia &#8211; A80033-Historia De Am&eacute;rica II &#8211; 3 1<\/span><\/li>\n<li style=\"text-align: justify; padding-bottom: 3px;\"><span style=\"font-family: arial, helvetica, sans-serif; font-size: 10pt;\">140298700-Instituto de Ense&ntilde;anza Superior Eduardo Lefebvre de Laboulaye-Laboulaye &#8211; 687198144-Profesor\/a de Educaci&oacute;n Secundaria en Historia &#8211; A77148-Unidad De Definici&oacute;n Institucional I &#8211; 3 1 &#8211; Rectificaci&oacute;n<\/span><\/li>\n<li style=\"text-align: justify; padding-bottom: 3px;\"><span style=\"font-family: arial, helvetica, sans-serif; font-size: 10pt;\">140283800-Instituto Superior Carlos Alberto Leguizam&oacute;n-C&oacute;rdoba &#8211; 00000001-T&eacute;cnico Superior en Seguridad y Accidentolog&iacute;a Vial &#8211; 0001-Comunicaci&oacute;n y TIC &#8211; 1 A<\/span><\/li>\n<li style=\"text-align: justify; padding-bottom: 3px;\"><span style=\"font-family: arial, helvetica, sans-serif; font-size: 10pt;\">140400100-Instituto Superior del Profesorado Mariano Moreno-Bell Ville &#8211; 687198146-Profesor\/a de Educaci&oacute;n Secundaria en Lengua y Literatura &#8211; A79261-Historia De la Lengua I (horas interinas) &#8211; 2 A<\/span><\/li>\n<li style=\"text-align: justify; padding-bottom: 3px;\"><span style=\"font-family: arial, helvetica, sans-serif; font-size: 10pt;\">140400100-Instituto Superior del Profesorado Mariano Moreno-Bell Ville &#8211; 687198146-Profesor\/a de Educaci&oacute;n Secundaria en Lengua y Literatura &#8211; A79265-Lengua Y Literatura En La Educaci&oacute;n Secundaria (horas interinas) &#8211; 2 A<\/span><\/li>\n<li style=\"text-align: justify; padding-bottom: 3px;\"><span style=\"font-family: arial, helvetica, sans-serif; font-size: 10pt;\">140400100-Instituto Superior del Profesorado Mariano Moreno-Bell Ville &#8211; 687198146-Profesor\/a de Educaci&oacute;n Secundaria en Lengua y Literatura &#8211; A80073-Lectura Y Escritura Cr&iacute;tica Y Creativa (Horas interinas) &#8211; 4 A<\/span><\/li>\n<li style=\"text-align: justify; padding-bottom: 3px;\"><span style=\"font-family: arial, helvetica, sans-serif; font-size: 10pt;\">140215001-Instituto Superior de Formaci&oacute;n Docente Martha A. Salotti &#8211; ANEXO Huinca Renanc&oacute;-Huinca Renanc&oacute; &#8211; 687197983-Profesor\/a de Educaci&oacute;n Secundaria en Biolog&iacute;a &#8211; A77257-Pr&aacute;ctica Docente III: El Aula: Espacio Del Aprender Y Del Ense&ntilde;ar &#8211; 3 A &#8211; Rectificaci&oacute;n<\/span><\/li>\n<\/ul>\n<p style=\"text-align: justify;\"><span style=\"font-family: arial, helvetica, sans-serif; font-size: 10pt;\"><strong>Para ver mayor informaci&oacute;n sobre las Horas C&aacute;tedra Vacantes, Actas y Ordenes de M&eacute;rito: <\/strong><a href=\"index.cgi?wid_item=194&amp;wid_seccion=50\">Clic Aqu&iacute;<\/a>.<\/span><\/p><\/p>\n","protected":false},"excerpt":{"rendered":"<p>Publicaci\u00f3n de Horas C\u00e1tedra Vacantes, Actas y Listado de Orden de M\u00e9rito La Direcci&oacute;n General de Educaci&oacute;n Superior y la Direcci&oacute;n General de Educaci&oacute;n T&eacute;cnica y Formaci&oacute;n Profesional informan las siguientes publicaciones de Horas C&aacute;tedra Vacantes, Actas y Listado de Orden de M&eacute;rito: Nuevas Convocatorias a Horas C&aacute;tedra 140215000-Instituto Superior de Formacion Docente Martha A. &#8230; <a title=\"Publicaci\u00f3n de Horas C\u00e1tedra Vacantes, Actas y Listado de Orden de M\u00e9rito\" class=\"read-more\" href=\"https:\/\/dges-cba.infd.edu.ar\/sitio\/publicacion-de-horas-catedra-vacantes-actas-y-listado-de-orden-de-merito-482\/\" aria-label=\"More on Publicaci\u00f3n de Horas C\u00e1tedra Vacantes, Actas y Listado de Orden de M\u00e9rito\">[+]<\/a><\/p>\n","protected":false},"author":17224,"featured_media":0,"comment_status":"open","ping_status":"open","sticky":false,"template":"","format":"standard","meta":[],"categories":[7,6],"tags":[],"acf":[],"_links":{"self":[{"href":"https:\/\/dges-cba.infd.edu.ar\/sitio\/wp-json\/wp\/v2\/posts\/7674"}],"collection":[{"href":"https:\/\/dges-cba.infd.edu.ar\/sitio\/wp-json\/wp\/v2\/posts"}],"about":[{"href":"https:\/\/dges-cba.infd.edu.ar\/sitio\/wp-json\/wp\/v2\/types\/post"}],"author":[{"embeddable":true,"href":"https:\/\/dges-cba.infd.edu.ar\/sitio\/wp-json\/wp\/v2\/users\/17224"}],"replies":[{"embeddable":true,"href":"https:\/\/dges-cba.infd.edu.ar\/sitio\/wp-json\/wp\/v2\/comments?post=7674"}],"version-history":[{"count":0,"href":"https:\/\/dges-cba.infd.edu.ar\/sitio\/wp-json\/wp\/v2\/posts\/7674\/revisions"}],"wp:attachment":[{"href":"https:\/\/dges-cba.infd.edu.ar\/sitio\/wp-json\/wp\/v2\/media?parent=7674"}],"wp:term":[{"taxonomy":"category","embeddable":true,"href":"https:\/\/dges-cba.infd.edu.ar\/sitio\/wp-json\/wp\/v2\/categories?post=7674"},{"taxonomy":"post_tag","embeddable":true,"href":"https:\/\/dges-cba.infd.edu.ar\/sitio\/wp-json\/wp\/v2\/tags?post=7674"}],"curies":[{"name":"wp","href":"https:\/\/api.w.org\/{rel}","templated":true}]}}