{"id":7677,"date":"2017-04-27T00:00:00","date_gmt":"2017-04-27T00:00:00","guid":{"rendered":"https:\/\/dges-cba.infd.edu.ar\/sitio\/publicacion-de-horas-catedra-vacantes-actas-y-listado-de-orden-de-merito-484\/"},"modified":"2017-04-27T00:00:00","modified_gmt":"2017-04-27T00:00:00","slug":"publicacion-de-horas-catedra-vacantes-actas-y-listado-de-orden-de-merito-484","status":"publish","type":"post","link":"https:\/\/dges-cba.infd.edu.ar\/sitio\/publicacion-de-horas-catedra-vacantes-actas-y-listado-de-orden-de-merito-484\/","title":{"rendered":"Publicaci\u00f3n de Horas C\u00e1tedra Vacantes, Actas y Listado de Orden de M\u00e9rito"},"content":{"rendered":"<p class=\"sitio_noticia_volanta\" >\n<h3>Publicaci\u00f3n de Horas C\u00e1tedra Vacantes, Actas y Listado de Orden de M\u00e9rito<\/h3>\n<p class=\"sitio_noticia_copete\" >\n<hr class=\"sitio_noticia_contenido\" \/>\n<p >\n<p style=\"text-align: justify;\"><span style=\"font-family: arial, helvetica, sans-serif; font-size: 10pt;\"> La <strong>Direcci&oacute;n General de Educaci&oacute;n Superior<\/strong> y la <strong>Direcci&oacute;n General de Educaci&oacute;n T&eacute;cnica y Formaci&oacute;n Profesional<\/strong> informan las siguientes publicaciones de Horas C&aacute;tedra Vacantes, Actas y Listado de Orden de M&eacute;rito:<\/span><\/p>\n<p style=\"text-align: justify;\"><span style=\"font-family: arial, helvetica, sans-serif; font-size: 10pt;\"><strong>Nuevas Convocatorias a Horas C&aacute;tedra<\/strong><\/span><\/p>\n<ul>\n<li style=\"text-align: justify; padding-bottom: 3px;\"><span style=\"font-family: arial, helvetica, sans-serif; font-size: 10pt;\">140291100-Escuela Normal Superior Juan Bautista Alberdi-De&aacute;n Funes &#8211; 687197716-Profesor\/a de Educaci&oacute;n Inicial &#8211; A76040-Lenguaje Corporal &#8211; 1 A<\/span><\/li>\n<li style=\"text-align: justify; padding-bottom: 3px;\"><span style=\"font-family: arial, helvetica, sans-serif; font-size: 10pt;\">140291100-Escuela Normal Superior Juan Bautista Alberdi-De&aacute;n Funes &#8211; 687198146-Profesor\/a de Educaci&oacute;n Secundaria en Lengua y Literatura &#8211; A80065-Literaturas En Lenguas Extrajeras I &#8211; 3 A<\/span><\/li>\n<li style=\"text-align: justify; padding-bottom: 3px;\"><span style=\"font-family: arial, helvetica, sans-serif; font-size: 10pt;\">140048500-Instituto Superior de Formacion Docente Ren&eacute;e Trettel de Fabi&aacute;n-C&oacute;rdoba &#8211; 687197716-Profesor\/a de Educaci&oacute;n Inicial &#8211; A76040-Lenguaje Corporal &#8211; 1 A<\/span><\/li>\n<li style=\"text-align: justify; padding-bottom: 3px;\"><span style=\"font-family: arial, helvetica, sans-serif; font-size: 10pt;\">140365100-Instituto Superior Dr. Carlos Mar&iacute;a Carena-Mina Clavero &#8211; 687197716-Profesor\/a de Educaci&oacute;n Inicial &#8211; A76828-Educaci&oacute;n Art&iacute;stica: Pl&aacute;stica &#8211; 2 A<\/span><\/li>\n<li style=\"text-align: justify; padding-bottom: 3px;\"><span style=\"font-family: arial, helvetica, sans-serif; font-size: 10pt;\">140283800-Instituto Superior Carlos Alberto Leguizam&oacute;n-C&oacute;rdoba &#8211; 687197717-Profesor\/a de Educaci&oacute;n Primaria &#8211; A77257-Pr&aacute;ctica Docente III: El Aula: Espacio Del Aprender Y Del Ense&ntilde;ar-Tronco Comun &#8211; 3 A<\/span><\/li>\n<li style=\"text-align: justify; padding-bottom: 3px;\"><span style=\"font-family: arial, helvetica, sans-serif; font-size: 10pt;\">140048500-Instituto Superior de Formacion Docente Ren&eacute;e Trettel de Fabi&aacute;n-C&oacute;rdoba &#8211; 687197717-Profesor\/a de Educaci&oacute;n Primaria &#8211; A77934-Problem&aacute;ticas Y Desaf&iacute;os Del Nivel Primario-Tronco Comun &#8211; 4 B<\/span><\/li>\n<li style=\"text-align: justify; padding-bottom: 3px;\"><span style=\"font-family: arial, helvetica, sans-serif; font-size: 10pt;\">140110100-Conservatorio Superior de M&uacute;sica Arturo Berutti-San Francisco &#8211; 687197758-Profesor\/a de M&uacute;sica &#8211; A76852-Instrumento Arm&oacute;nico I (Piano) &#8211; 1 A<\/span><\/li>\n<li style=\"text-align: justify; padding-bottom: 3px;\"><span style=\"font-family: arial, helvetica, sans-serif; font-size: 10pt;\">140110100-Conservatorio Superior de M&uacute;sica Arturo Berutti-San Francisco &#8211; 687197758-Profesor\/a de M&uacute;sica &#8211; A76852-Instrumento Arm&oacute;nico I (Piano) &#8211; 1 B<\/span><\/li>\n<li style=\"text-align: justify; padding-bottom: 3px;\"><span style=\"font-family: arial, helvetica, sans-serif; font-size: 10pt;\">140110100-Conservatorio Superior de M&uacute;sica Arturo Berutti-San Francisco &#8211; 687197758-Profesor\/a de M&uacute;sica &#8211; A76852-Instrumento Arm&oacute;nico I (Piano) &#8211; 1 C<\/span><\/li>\n<li style=\"text-align: justify; padding-bottom: 3px;\"><span style=\"font-family: arial, helvetica, sans-serif; font-size: 10pt;\">140110100-Conservatorio Superior de M&uacute;sica Arturo Berutti-San Francisco &#8211; 687197758-Profesor\/a de M&uacute;sica &#8211; A78541-Instrumento Arm&oacute;nico III (Piano) &#8211; 3 A<\/span><\/li>\n<li style=\"text-align: justify; padding-bottom: 3px;\"><span style=\"font-family: arial, helvetica, sans-serif; font-size: 10pt;\">140048500-Instituto Superior de Formacion Docente Ren&eacute;e Trettel de Fabi&aacute;n-C&oacute;rdoba &#8211; 687197982-Profesor\/a de Educaci&oacute;n Secundaria en Matem&aacute;tica &#8211; A77610-Modelizaci&oacute;n Matem&aacute;tica &#8211; 1 A<\/span><\/li>\n<li style=\"text-align: justify; padding-bottom: 3px;\"><span style=\"font-family: arial, helvetica, sans-serif; font-size: 10pt;\">140051700-Escuela Normal Superior General Manuel Belgrano-Marcos Ju&aacute;rez &#8211; 687197982-Profesor\/a de Educaci&oacute;n Secundaria en Matem&aacute;tica &#8211; A77910-Problem&aacute;ticas Del An&aacute;lisis Matem&aacute;tico I (Licencia por maternidad) &#8211; 2 A<\/span><\/li>\n<li style=\"text-align: justify; padding-bottom: 3px;\"><span style=\"font-family: arial, helvetica, sans-serif; font-size: 10pt;\">140400100-Instituto Superior del Profesorado Mariano Moreno-Bell Ville &#8211; 687198302-Profesor\/a de Educaci&oacute;n Secundaria en Econom&iacute;a &#8211; A76823-Pr&aacute;ctica Docente II: Escuelas Historias Documentadas Y Cotidianeidad (Hs. Suplentes) &#8211; 2 A<\/span><\/li>\n<li style=\"text-align: justify; padding-bottom: 3px;\"><span style=\"font-family: arial, helvetica, sans-serif; font-size: 10pt;\">140291100-Escuela Normal Superior Juan Bautista Alberdi-De&aacute;n Funes &#8211; 687198145-Profesor\/a de Educaci&oacute;n Secundaria en Geograf&iacute;a &#8211; A79200-Pr&aacute;ctica Docente IV Y Residencia &#8211; 4 A<\/span><\/li>\n<li style=\"text-align: justify; padding-bottom: 3px;\"><span style=\"font-family: arial, helvetica, sans-serif; font-size: 10pt;\">140321300-Colegio Superior San Mart&iacute;n-San Francisco &#8211; 687198262-Tecnicatura Superior En Gesti&oacute;n Y Administraci&oacute;n De Las Organizaciones &#8211; A2197-Estad&iacute;stica (Perfil docente. Licenciados en Matem&aacute;tica y Estad&iacute;stica. Licenciado en Administraci&oacute;n. T&iacute;tulos Superiores Afines ) &#8211; 2 B<\/span><\/li>\n<li style=\"text-align: justify; padding-bottom: 3px;\"><span style=\"font-family: arial, helvetica, sans-serif; font-size: 10pt;\">140321300-Colegio Superior San Mart&iacute;n-San Francisco &#8211; 687198262-Tecnicatura Superior En Gesti&oacute;n Y Administraci&oacute;n De Las Organizaciones &#8211; A10049-Derecho Laboral (perfil docente. Abogado. Lic. en Administraci&oacute;n. Prof. de Ciencias Jur&iacute;dicas. T&iacute;tulos Superiores Afines ) &#8211; 2 B<\/span><\/li>\n<li style=\"text-align: justify; padding-bottom: 3px;\"><span style=\"font-family: arial, helvetica, sans-serif; font-size: 10pt;\">140321300-Colegio Superior San Mart&iacute;n-San Francisco &#8211; 687198262-Tecnicatura Superior En Gesti&oacute;n Y Administraci&oacute;n De Las Organizaciones &#8211; A79153-Teor&iacute;a de las Organizaciones y de la Administraci&oacute;n (Perfil docente. Licenciado en Administraci&oacute;n. T&iacute;tulos Superiores afines) &#8211; 2 B<\/span><\/li>\n<li style=\"text-align: justify; padding-bottom: 3px;\"><span style=\"font-family: arial, helvetica, sans-serif; font-size: 10pt;\">140321300-Colegio Superior San Mart&iacute;n-San Francisco &#8211; 687198262-Tecnicatura Superior En Gesti&oacute;n Y Administraci&oacute;n De Las Organizaciones &#8211; A59228-Sistema de Informaci&oacute;n Contable II (Perfil docente. Contador. Licenciado en Administraci&oacute;n. T&iacute;tulos Superiores afines) &#8211; 2 B<\/span><\/li>\n<li style=\"text-align: justify; padding-bottom: 3px;\"><span style=\"font-family: arial, helvetica, sans-serif; font-size: 10pt;\">140321300-Colegio Superior San Mart&iacute;n-San Francisco &#8211; 687198262-Tecnicatura Superior En Gesti&oacute;n Y Administraci&oacute;n De Las Organizaciones &#8211; A79154-Legislaci&oacute;n Tributaria (Perfil docente. Contador. Licenciado en Administraci&oacute;n. Licenciado en Econom&iacute;a. T&iacute;tulos Superiores afines ) &#8211; 2 B<\/span><\/li>\n<li style=\"text-align: justify; padding-bottom: 3px;\"><span style=\"font-family: arial, helvetica, sans-serif; font-size: 10pt;\">140321300-Colegio Superior San Mart&iacute;n-San Francisco &#8211; 687198262-Tecnicatura Superior En Gesti&oacute;n Y Administraci&oacute;n De Las Organizaciones &#8211; A3042-Comercializaci&oacute;n I (perfil docente. Licenciado en Comercializaci&oacute;n. Lic. en Administraci&oacute;n. T&iacute;tulos Superiores afines) &#8211; 2 B<\/span><\/li>\n<li style=\"text-align: justify; padding-bottom: 3px;\"><span style=\"font-family: arial, helvetica, sans-serif; font-size: 10pt;\">140321300-Colegio Superior San Mart&iacute;n-San Francisco &#8211; 687198262-Tecnicatura Superior En Gesti&oacute;n Y Administraci&oacute;n De Las Organizaciones &#8211; A75521-Pr&aacute;ctica Profesionalizante I (perfil docente. Licenciado en Administraci&oacute;n. T&iacute;tulos Superiores Afines ) &#8211; 2 B<\/span><\/li>\n<li style=\"text-align: justify; padding-bottom: 3px;\"><span style=\"font-family: arial, helvetica, sans-serif; font-size: 10pt;\">140329000-Escuela Superior de Comercio-R&iacute;o Tercero &#8211; 687198829-Tecnicatura Superior En Gesti&oacute;n Y Mantenimiento Industrial &#8211; A81065-Maquinas El&eacute;ctricas (PERFIL: ING.ELECTROMEC&Aacute;NICO-ELECTR&Oacute;NICO C\/CONOCIMIENTOS EN MOTORES EL&Eacute;CTRICOS) &#8211; 3 A<\/span><\/li>\n<\/ul>\n<p style=\"text-align: justify;\"><span style=\"font-family: arial, helvetica, sans-serif; font-size: 10pt;\"><strong>Nuevas Actas o Listados de Orden de M&eacute;rito de Horas C&aacute;tedra<\/strong><\/span><\/p>\n<ul>\n<li style=\"text-align: justify; padding-bottom: 3px;\"><span style=\"font-family: arial, helvetica, sans-serif; font-size: 10pt;\">140397100-Instituto de Ense&ntilde;anza Superior Sim&oacute;n Bol&iacute;var-C&oacute;rdoba &#8211; 687198144-Profesor\/a de Educaci&oacute;n Secundaria en Historia &#8211; A80036-Did&aacute;ctica De la Historia II (Profesor en Historia que se desempe&ntilde;e en el nivel de destino) &#8211; 3 A<\/span><\/li>\n<li style=\"text-align: justify; padding-bottom: 3px;\"><span style=\"font-family: arial, helvetica, sans-serif; font-size: 10pt;\">140254600-Escuela Superior de Bellas Artes Fernando Fader-Bell Ville &#8211; 687197757-Profesor\/a de Artes Visuales &#8211; A79203-Est&eacute;tica Y Teor&iacute;a Del Arte &#8211; 4 A &#8211; Rectificaci&oacute;n<\/span><\/li>\n<li style=\"text-align: justify; padding-bottom: 3px;\"><span style=\"font-family: arial, helvetica, sans-serif; font-size: 10pt;\">140525300-Conservatorio Superior de M&uacute;sica Carlos Giraudo-Marcos Ju&aacute;rez &#8211; 687196661-Tecnicatura Superior en M&uacute;sica con Orientaci&oacute;n en Instrumento Solista o Canto L&iacute;rico &#8211; A60728-Historia De la M&uacute;sica I (Barroca Y Cl&aacute;sica) (BAJA) &#8211; 1 A<\/span><\/li>\n<li style=\"text-align: justify; padding-bottom: 3px;\"><span style=\"font-family: arial, helvetica, sans-serif; font-size: 10pt;\">140525300-Conservatorio Superior de M&uacute;sica Carlos Giraudo-Marcos Ju&aacute;rez &#8211; 687196661-Tecnicatura Superior en M&uacute;sica con Orientaci&oacute;n en Instrumento Solista o Canto L&iacute;rico &#8211; A60729-Historia De la M&uacute;sica II (Rom&aacute;ntica Y Siglo XX) (BAJA) &#8211; 2 A<\/span><\/li>\n<li style=\"text-align: justify; padding-bottom: 3px;\"><span style=\"font-family: arial, helvetica, sans-serif; font-size: 10pt;\">140397100-Instituto de Ense&ntilde;anza Superior Sim&oacute;n Bol&iacute;var-C&oacute;rdoba &#8211; 687198362-Tecnicatura Superior en Gesti&oacute;n P&uacute;blica y ONG &#8211; A80854-Gesti&oacute;n Publica Y Sociedad III &#8211; 3 A<\/span><\/li>\n<li style=\"text-align: justify; padding-bottom: 3px;\"><span style=\"font-family: arial, helvetica, sans-serif; font-size: 10pt;\">140333800-Escuela Normal Superior Dr. Alejandro Carb&oacute;-C&oacute;rdoba &#8211; 687197716-Profesor\/a de Educaci&oacute;n Inicial &#8211; A76823-Pr&aacute;ctica Docente II: Escuelas Historias Documentadas Y Cotidianeidad &#8211; 2 C<\/span><\/li>\n<li style=\"text-align: justify; padding-bottom: 3px;\"><span style=\"font-family: arial, helvetica, sans-serif; font-size: 10pt;\">140298700-Instituto de Ense&ntilde;anza Superior Eduardo Lefebvre de Laboulaye-Laboulaye &#8211; 687197742-Profesor\/a de Educaci&oacute;n F&iacute;sica &#8211; A76835-Fundamentos Biol&oacute;gicos Del Movimiento Humano I &#8211; 1 1 &#8211; Rectificaci&oacute;n<\/span><\/li>\n<li style=\"text-align: justify; padding-bottom: 3px;\"><span style=\"font-family: arial, helvetica, sans-serif; font-size: 10pt;\">140298700-Instituto de Ense&ntilde;anza Superior Eduardo Lefebvre de Laboulaye-Laboulaye &#8211; 687198144-Profesor\/a de Educaci&oacute;n Secundaria en Historia &#8211; A78628-Sociolog&iacute;a &#8211; 1 1<\/span><\/li>\n<li style=\"text-align: justify; padding-bottom: 3px;\"><span style=\"font-family: arial, helvetica, sans-serif; font-size: 10pt;\">140110400-Instituto Superior Maria Justa Moyano de Ezpeleta-Morteros &#8211; 687197986-Profesor\/a de Educaci&oacute;n Tecnol&oacute;gica &#8211; A76821-Did&aacute;ctica General &#8211; 2 A<\/span><\/li>\n<li style=\"text-align: justify; padding-bottom: 3px;\"><span style=\"font-family: arial, helvetica, sans-serif; font-size: 10pt;\">140278800-Escuela Normal Superior Dalmacio Velez Sarsfield-Las Varillas &#8211; 687197717-Profesor\/a de Educaci&oacute;n Primaria &#8211; A76041-Pr&aacute;ctica Docente I: Contextos Y Pr&aacute;cticas Educativas-Tronco Comun &#8211; 1 A<\/span><\/li>\n<li style=\"text-align: justify; padding-bottom: 3px;\"><span style=\"font-family: arial, helvetica, sans-serif; font-size: 10pt;\">140278800-Escuela Normal Superior Dalmacio Velez Sarsfield-Las Varillas &#8211; 687197717-Profesor\/a de Educaci&oacute;n Primaria &#8211; A76821-Did&aacute;ctica General-Tronco Comun &#8211; 2 A<\/span><\/li>\n<li style=\"text-align: justify; padding-bottom: 3px;\"><span style=\"font-family: arial, helvetica, sans-serif; font-size: 10pt;\">140298700-Instituto de Ense&ntilde;anza Superior Eduardo Lefebvre de Laboulaye-Laboulaye &#8211; 687197742-Profesor\/a de Educaci&oacute;n F&iacute;sica &#8211; A77928-Etica Y Construcci&oacute;n De Ciudadan&iacute;a &#8211; 4 1<\/span><\/li>\n<li style=\"text-align: justify; padding-bottom: 3px;\"><span style=\"font-family: arial, helvetica, sans-serif; font-size: 10pt;\">140110400-Instituto Superior Maria Justa Moyano de Ezpeleta-Morteros &#8211; 687197802-Capacitaci&oacute;n para Graduados No Docentes &#8211; A76827-Sujetos De la Educaci&oacute;n Y Convivencia Escolar &#8211; 2 A<\/span><\/li>\n<li style=\"text-align: justify; padding-bottom: 3px;\"><span style=\"font-family: arial, helvetica, sans-serif; font-size: 10pt;\">140298700-Instituto de Ense&ntilde;anza Superior Eduardo Lefebvre de Laboulaye-Laboulaye &#8211; 687197802-Capacitaci&oacute;n para Graduados No Docentes &#8211; A77549-Pr&aacute;ctica Docente II: Recrear Las Pr&aacute;cticas Docentes &#8211; 2 1<\/span><\/li>\n<li style=\"text-align: justify; padding-bottom: 3px;\"><span style=\"font-family: arial, helvetica, sans-serif; font-size: 10pt;\">140298700-Instituto de Ense&ntilde;anza Superior Eduardo Lefebvre de Laboulaye-Laboulaye &#8211; 687197802-Capacitaci&oacute;n para Graduados No Docentes &#8211; A77550-Seminario Optativo &#8211; 2 1<\/span><\/li>\n<li style=\"text-align: justify; padding-bottom: 3px;\"><span style=\"font-family: arial, helvetica, sans-serif; font-size: 10pt;\">140298700-Instituto de Ense&ntilde;anza Superior Eduardo Lefebvre de Laboulaye-Laboulaye &#8211; 687197983-Profesor\/a de Educaci&oacute;n Secundaria en Biolog&iacute;a &#8211; A79229-Biolog&iacute;a Humana &#8211; 3 1<\/span><\/li>\n<li style=\"text-align: justify; padding-bottom: 3px;\"><span style=\"font-family: arial, helvetica, sans-serif; font-size: 10pt;\">140298700-Instituto de Ense&ntilde;anza Superior Eduardo Lefebvre de Laboulaye-Laboulaye &#8211; 687198147-Profesor\/a de Ingl&eacute;s &#8211; A80472-Educaci&oacute;n Sexual Integral &#8211; 4 1<\/span><\/li>\n<\/ul>\n<p style=\"text-align: justify;\"><span style=\"font-family: arial, helvetica, sans-serif; font-size: 10pt;\"><strong>Para ver mayor informaci&oacute;n sobre las Horas C&aacute;tedra Vacantes, Actas y Ordenes de M&eacute;rito: <\/strong><a href=\"index.cgi?wid_item=194&amp;wid_seccion=50\">Clic Aqu&iacute;<\/a>.<\/span><\/p><\/p>\n","protected":false},"excerpt":{"rendered":"<p>Publicaci\u00f3n de Horas C\u00e1tedra Vacantes, Actas y Listado de Orden de M\u00e9rito La Direcci&oacute;n General de Educaci&oacute;n Superior y la Direcci&oacute;n General de Educaci&oacute;n T&eacute;cnica y Formaci&oacute;n Profesional informan las siguientes publicaciones de Horas C&aacute;tedra Vacantes, Actas y Listado de Orden de M&eacute;rito: Nuevas Convocatorias a Horas C&aacute;tedra 140291100-Escuela Normal Superior Juan Bautista Alberdi-De&aacute;n Funes &#8230; <a title=\"Publicaci\u00f3n de Horas C\u00e1tedra Vacantes, Actas y Listado de Orden de M\u00e9rito\" class=\"read-more\" href=\"https:\/\/dges-cba.infd.edu.ar\/sitio\/publicacion-de-horas-catedra-vacantes-actas-y-listado-de-orden-de-merito-484\/\" aria-label=\"More on Publicaci\u00f3n de Horas C\u00e1tedra Vacantes, Actas y Listado de Orden de M\u00e9rito\">[+]<\/a><\/p>\n","protected":false},"author":17224,"featured_media":0,"comment_status":"open","ping_status":"open","sticky":false,"template":"","format":"standard","meta":[],"categories":[7,6],"tags":[],"acf":[],"_links":{"self":[{"href":"https:\/\/dges-cba.infd.edu.ar\/sitio\/wp-json\/wp\/v2\/posts\/7677"}],"collection":[{"href":"https:\/\/dges-cba.infd.edu.ar\/sitio\/wp-json\/wp\/v2\/posts"}],"about":[{"href":"https:\/\/dges-cba.infd.edu.ar\/sitio\/wp-json\/wp\/v2\/types\/post"}],"author":[{"embeddable":true,"href":"https:\/\/dges-cba.infd.edu.ar\/sitio\/wp-json\/wp\/v2\/users\/17224"}],"replies":[{"embeddable":true,"href":"https:\/\/dges-cba.infd.edu.ar\/sitio\/wp-json\/wp\/v2\/comments?post=7677"}],"version-history":[{"count":0,"href":"https:\/\/dges-cba.infd.edu.ar\/sitio\/wp-json\/wp\/v2\/posts\/7677\/revisions"}],"wp:attachment":[{"href":"https:\/\/dges-cba.infd.edu.ar\/sitio\/wp-json\/wp\/v2\/media?parent=7677"}],"wp:term":[{"taxonomy":"category","embeddable":true,"href":"https:\/\/dges-cba.infd.edu.ar\/sitio\/wp-json\/wp\/v2\/categories?post=7677"},{"taxonomy":"post_tag","embeddable":true,"href":"https:\/\/dges-cba.infd.edu.ar\/sitio\/wp-json\/wp\/v2\/tags?post=7677"}],"curies":[{"name":"wp","href":"https:\/\/api.w.org\/{rel}","templated":true}]}}