{"id":7679,"date":"2017-04-28T00:00:00","date_gmt":"2017-04-28T00:00:00","guid":{"rendered":"https:\/\/dges-cba.infd.edu.ar\/sitio\/publicacion-de-horas-catedra-vacantes-actas-y-listado-de-orden-de-merito-485\/"},"modified":"2017-04-28T00:00:00","modified_gmt":"2017-04-28T00:00:00","slug":"publicacion-de-horas-catedra-vacantes-actas-y-listado-de-orden-de-merito-485","status":"publish","type":"post","link":"https:\/\/dges-cba.infd.edu.ar\/sitio\/publicacion-de-horas-catedra-vacantes-actas-y-listado-de-orden-de-merito-485\/","title":{"rendered":"Publicaci\u00f3n de Horas C\u00e1tedra Vacantes, Actas y Listado de Orden de M\u00e9rito"},"content":{"rendered":"<p class=\"sitio_noticia_volanta\" >\n<h3>Publicaci\u00f3n de Horas C\u00e1tedra Vacantes, Actas y Listado de Orden de M\u00e9rito<\/h3>\n<p class=\"sitio_noticia_copete\" >\n<hr class=\"sitio_noticia_contenido\" \/>\n<p >\n<p style=\"text-align: justify;\"><span style=\"font-family: arial, helvetica, sans-serif; font-size: 10pt;\"> La <strong>Direcci&oacute;n General de Educaci&oacute;n Superior<\/strong> y la <strong>Direcci&oacute;n General de Educaci&oacute;n T&eacute;cnica y Formaci&oacute;n Profesional<\/strong> informan las siguientes publicaciones de Horas C&aacute;tedra Vacantes, Actas y Listado de Orden de M&eacute;rito:<\/span><\/p>\n<p style=\"text-align: justify;\"><span style=\"font-family: arial, helvetica, sans-serif; font-size: 10pt;\"><strong>Nuevas Convocatorias a Horas C&aacute;tedra<\/strong><\/span><\/p>\n<ul>\n<li style=\"text-align: justify; padding-bottom: 3px;\"><span style=\"font-family: arial, helvetica, sans-serif; font-size: 10pt;\">140032800-Conservatorio Superior de M&uacute;sica Gilardo Gilardi-Bell Ville &#8211; 687197758-Profesor\/a de M&uacute;sica &#8211; A78538-Pr&aacute;ctica Y Teor&iacute;a Del Lenguaje Musical III &#8211; 3 A<\/span><\/li>\n<li style=\"text-align: justify; padding-bottom: 3px;\"><span style=\"font-family: arial, helvetica, sans-serif; font-size: 10pt;\">140032800-Conservatorio Superior de M&uacute;sica Gilardo Gilardi-Bell Ville &#8211; 687197758-Profesor\/a de M&uacute;sica &#8211; A78541-Instrumento Arm&oacute;nico III (Piano) &#8211; 3 A<\/span><\/li>\n<li style=\"text-align: justify; padding-bottom: 3px;\"><span style=\"font-family: arial, helvetica, sans-serif; font-size: 10pt;\">140032800-Conservatorio Superior de M&uacute;sica Gilardo Gilardi-Bell Ville &#8211; 687197758-Profesor\/a de M&uacute;sica &#8211; A78541-Instrumento Arm&oacute;nico III (Piano) &#8211; 3 B<\/span><\/li>\n<li style=\"text-align: justify; padding-bottom: 3px;\"><span style=\"font-family: arial, helvetica, sans-serif; font-size: 10pt;\">140032800-Conservatorio Superior de M&uacute;sica Gilardo Gilardi-Bell Ville &#8211; 687197758-Profesor\/a de M&uacute;sica &#8211; A78541-Instrumento Arm&oacute;nico III (Piano) &#8211; 3 C<\/span><\/li>\n<li style=\"text-align: justify; padding-bottom: 3px;\"><span style=\"font-family: arial, helvetica, sans-serif; font-size: 10pt;\">140032800-Conservatorio Superior de M&uacute;sica Gilardo Gilardi-Bell Ville &#8211; 687197758-Profesor\/a de M&uacute;sica &#8211; A78541-Instrumento Arm&oacute;nico III (Piano) &#8211; 3 D<\/span><\/li>\n<\/ul>\n<p style=\"text-align: justify;\"><span style=\"font-family: arial, helvetica, sans-serif; font-size: 10pt;\"><strong>Nuevas Actas o Listados de Orden de M&eacute;rito de Horas C&aacute;tedra<\/strong><\/span><\/p>\n<ul>\n<li style=\"text-align: justify; padding-bottom: 3px;\"><span style=\"font-family: arial, helvetica, sans-serif; font-size: 10pt;\">140525300-Conservatorio Superior de M&uacute;sica Carlos Giraudo-Marcos Ju&aacute;rez &#8211; 687196661-Tecnicatura Superior en M&uacute;sica con Orientaci&oacute;n en Instrumento Solista o Canto L&iacute;rico &#8211; A60526-Recital II (Repertorio Solista) (BAJA) &#8211; 2 A<\/span><\/li>\n<li style=\"text-align: justify; padding-bottom: 3px;\"><span style=\"font-family: arial, helvetica, sans-serif; font-size: 10pt;\">140048500-Instituto Superior de Formacion Docente Ren&eacute;e Trettel de Fabi&aacute;n-C&oacute;rdoba &#8211; 687197717-Profesor\/a de Educaci&oacute;n Primaria &#8211; A76822-Lenguaje Art&iacute;stico Expresivo-Tronco Comun &#8211; 2 A<\/span><\/li>\n<li style=\"text-align: justify; padding-bottom: 3px;\"><span style=\"font-family: arial, helvetica, sans-serif; font-size: 10pt;\">140048500-Instituto Superior de Formacion Docente Ren&eacute;e Trettel de Fabi&aacute;n-C&oacute;rdoba &#8211; 687197717-Profesor\/a de Educaci&oacute;n Primaria &#8211; A76822-Lenguaje Art&iacute;stico Expresivo-Tronco Comun &#8211; 2 B<\/span><\/li>\n<li style=\"text-align: justify; padding-bottom: 3px;\"><span style=\"font-family: arial, helvetica, sans-serif; font-size: 10pt;\">140296400-Escuela Normal Superior Alta Gracia-Alta Gracia &#8211; 687197716-Profesor\/a de Educaci&oacute;n Inicial &#8211; A77929-Pr&aacute;ctica Docente IV Y Residencia: Recrear Las Pr&aacute;cticas Docentes (Ninguna) &#8211; 4 A<\/span><\/li>\n<li style=\"text-align: justify; padding-bottom: 3px;\"><span style=\"font-family: arial, helvetica, sans-serif; font-size: 10pt;\">140319900-Instituto de Ense&ntilde;anza Superior Arturo Capdevila-Cruz Del Eje &#8211; 687197982-Profesor\/a de Educaci&oacute;n Secundaria en Matem&aacute;tica &#8211; A77148-Unidad De Definici&oacute;n Institucional I (Tecnolog&iacute;as digitales en las clases de Matematica) &#8211; 3 A<\/span><\/li>\n<li style=\"text-align: justify; padding-bottom: 3px;\"><span style=\"font-family: arial, helvetica, sans-serif; font-size: 10pt;\">140319900-Instituto de Ense&ntilde;anza Superior Arturo Capdevila-Cruz Del Eje &#8211; 687198144-Profesor\/a de Educaci&oacute;n Secundaria en Historia &#8211; A77148-Unidad De Definici&oacute;n Institucional I (Las Tics en la ense&ntilde;anza de la Historia) &#8211; 4 A<\/span><\/li>\n<li style=\"text-align: justify; padding-bottom: 3px;\"><span style=\"font-family: arial, helvetica, sans-serif; font-size: 10pt;\">140319900-Instituto de Ense&ntilde;anza Superior Arturo Capdevila-Cruz Del Eje &#8211; 687198146-Profesor\/a de Educaci&oacute;n Secundaria en Lengua y Literatura &#8211; A77148-Unidad De Definici&oacute;n Institucional I (Las Tics en la ense&ntilde;anza de la Lengua y Literatura) &#8211; 4 A<\/span><\/li>\n<li style=\"text-align: justify; padding-bottom: 3px;\"><span style=\"font-family: arial, helvetica, sans-serif; font-size: 10pt;\">140319900-Instituto de Ense&ntilde;anza Superior Arturo Capdevila-Cruz Del Eje &#8211; 687198147-Profesor\/a de Ingl&eacute;s &#8211; A77148-Unidad De Definici&oacute;n Institucional I (La neurociencia: sus aportes en el aula y las diversas modalidades de nuestro sistema Educativo) &#8211; 4 A<\/span><\/li>\n<li style=\"text-align: justify; padding-bottom: 3px;\"><span style=\"font-family: arial, helvetica, sans-serif; font-size: 10pt;\">140296400-Escuela Normal Superior Alta Gracia-Alta Gracia &#8211; 687197716-Profesor\/a de Educaci&oacute;n Inicial &#8211; A77254-Educaci&oacute;n F&iacute;sica En JM Y JI (Ninguna) &#8211; 3 A<\/span><\/li>\n<li style=\"text-align: justify; padding-bottom: 3px;\"><span style=\"font-family: arial, helvetica, sans-serif; font-size: 10pt;\">140296400-Escuela Normal Superior Alta Gracia-Alta Gracia &#8211; 687197717-Profesor\/a de Educaci&oacute;n Primaria &#8211; A76831-Lengua Y su Did&aacute;ctica-Tronco Comun (Ninguna) &#8211; 2 A<\/span><\/li>\n<li style=\"text-align: justify; padding-bottom: 3px;\"><span style=\"font-family: arial, helvetica, sans-serif; font-size: 10pt;\">140525300-Conservatorio Superior de M&uacute;sica Carlos Giraudo-Marcos Ju&aacute;rez &#8211; 687196661-Tecnicatura Superior en M&uacute;sica con Orientaci&oacute;n en Instrumento Solista o Canto L&iacute;rico &#8211; A60528-Recital III (BAJA ) &#8211; 3 A<\/span><\/li>\n<li style=\"text-align: justify; padding-bottom: 3px;\"><span style=\"font-family: arial, helvetica, sans-serif; font-size: 10pt;\">140110400-Instituto Superior Maria Justa Moyano de Ezpeleta-Morteros &#8211; 687197717-Profesor\/a de Educaci&oacute;n Primaria &#8211; A76037-Psicolog&iacute;a Y Educaci&oacute;n-Tronco Comun &#8211; 1 A<\/span><\/li>\n<li style=\"text-align: justify; padding-bottom: 3px;\"><span style=\"font-family: arial, helvetica, sans-serif; font-size: 10pt;\">140110400-Instituto Superior Maria Justa Moyano de Ezpeleta-Morteros &#8211; 687197983-Profesor\/a de Educaci&oacute;n Secundaria en Biolog&iacute;a &#8211; A76821-Did&aacute;ctica General &#8211; 2 A<\/span><\/li>\n<li style=\"text-align: justify; padding-bottom: 3px;\"><span style=\"font-family: arial, helvetica, sans-serif; font-size: 10pt;\">140110400-Instituto Superior Maria Justa Moyano de Ezpeleta-Morteros &#8211; 687197986-Profesor\/a de Educaci&oacute;n Tecnol&oacute;gica &#8211; A76821-Did&aacute;ctica General &#8211; 2 A &#8211; Rectificaci&oacute;n<\/span><\/li>\n<li style=\"text-align: justify; padding-bottom: 3px;\"><span style=\"font-family: arial, helvetica, sans-serif; font-size: 10pt;\">140289100-Instituto Superior de Educaci&oacute;n Art&iacute;stico Musical Domingo Z&iacute;poli-C&oacute;rdoba &#8211; 687197677-Tecnicatura Superior en Direcci&oacute;n Coral &#8211; A75487-Planificaci&oacute;n Desarrollo Y Selecci&oacute;n De Repertorio (Poseer amplios conocimientos en distintos repertorios y en interpretaci&oacute;n de la m&uacute;sica en distintos per&iacute;odos. Capacidad para evaluar la complejidad de las composiciones y arreglos ) &#8211; 3 A<\/span><\/li>\n<li style=\"text-align: justify; padding-bottom: 3px;\"><span style=\"font-family: arial, helvetica, sans-serif; font-size: 10pt;\">140283800-Instituto Superior Carlos Alberto Leguizam&oacute;n-C&oacute;rdoba &#8211; 00000001-T&eacute;cnico Superior en Seguridad y Accidentolog&iacute;a Vial &#8211; 0001-Psicolog&iacute;a Aplicada &#8211; 1 A<\/span><\/li>\n<\/ul>\n<p style=\"text-align: justify;\"><span style=\"font-family: arial, helvetica, sans-serif; font-size: 10pt;\"><strong>Para ver mayor informaci&oacute;n sobre las Horas C&aacute;tedra Vacantes, Actas y Ordenes de M&eacute;rito: <\/strong><a href=\"index.cgi?wid_item=194&amp;wid_seccion=50\">Clic Aqu&iacute;<\/a>.<\/span><\/p><\/p>\n","protected":false},"excerpt":{"rendered":"<p>Publicaci\u00f3n de Horas C\u00e1tedra Vacantes, Actas y Listado de Orden de M\u00e9rito La Direcci&oacute;n General de Educaci&oacute;n Superior y la Direcci&oacute;n General de Educaci&oacute;n T&eacute;cnica y Formaci&oacute;n Profesional informan las siguientes publicaciones de Horas C&aacute;tedra Vacantes, Actas y Listado de Orden de M&eacute;rito: Nuevas Convocatorias a Horas C&aacute;tedra 140032800-Conservatorio Superior de M&uacute;sica Gilardo Gilardi-Bell Ville &#8230; <a title=\"Publicaci\u00f3n de Horas C\u00e1tedra Vacantes, Actas y Listado de Orden de M\u00e9rito\" class=\"read-more\" href=\"https:\/\/dges-cba.infd.edu.ar\/sitio\/publicacion-de-horas-catedra-vacantes-actas-y-listado-de-orden-de-merito-485\/\" aria-label=\"More on Publicaci\u00f3n de Horas C\u00e1tedra Vacantes, Actas y Listado de Orden de M\u00e9rito\">[+]<\/a><\/p>\n","protected":false},"author":17224,"featured_media":0,"comment_status":"open","ping_status":"open","sticky":false,"template":"","format":"standard","meta":[],"categories":[7,6],"tags":[],"acf":[],"_links":{"self":[{"href":"https:\/\/dges-cba.infd.edu.ar\/sitio\/wp-json\/wp\/v2\/posts\/7679"}],"collection":[{"href":"https:\/\/dges-cba.infd.edu.ar\/sitio\/wp-json\/wp\/v2\/posts"}],"about":[{"href":"https:\/\/dges-cba.infd.edu.ar\/sitio\/wp-json\/wp\/v2\/types\/post"}],"author":[{"embeddable":true,"href":"https:\/\/dges-cba.infd.edu.ar\/sitio\/wp-json\/wp\/v2\/users\/17224"}],"replies":[{"embeddable":true,"href":"https:\/\/dges-cba.infd.edu.ar\/sitio\/wp-json\/wp\/v2\/comments?post=7679"}],"version-history":[{"count":0,"href":"https:\/\/dges-cba.infd.edu.ar\/sitio\/wp-json\/wp\/v2\/posts\/7679\/revisions"}],"wp:attachment":[{"href":"https:\/\/dges-cba.infd.edu.ar\/sitio\/wp-json\/wp\/v2\/media?parent=7679"}],"wp:term":[{"taxonomy":"category","embeddable":true,"href":"https:\/\/dges-cba.infd.edu.ar\/sitio\/wp-json\/wp\/v2\/categories?post=7679"},{"taxonomy":"post_tag","embeddable":true,"href":"https:\/\/dges-cba.infd.edu.ar\/sitio\/wp-json\/wp\/v2\/tags?post=7679"}],"curies":[{"name":"wp","href":"https:\/\/api.w.org\/{rel}","templated":true}]}}