{"id":7691,"date":"2017-05-04T00:00:00","date_gmt":"2017-05-04T00:00:00","guid":{"rendered":"https:\/\/dges-cba.infd.edu.ar\/sitio\/publicacion-de-horas-catedra-vacantes-actas-y-listado-de-orden-de-merito-488\/"},"modified":"2017-05-04T00:00:00","modified_gmt":"2017-05-04T00:00:00","slug":"publicacion-de-horas-catedra-vacantes-actas-y-listado-de-orden-de-merito-488","status":"publish","type":"post","link":"https:\/\/dges-cba.infd.edu.ar\/sitio\/publicacion-de-horas-catedra-vacantes-actas-y-listado-de-orden-de-merito-488\/","title":{"rendered":"Publicaci\u00f3n de Horas C\u00e1tedra Vacantes, Actas y Listado de Orden de M\u00e9rito"},"content":{"rendered":"<p class=\"sitio_noticia_volanta\" >\n<h3>Publicaci\u00f3n de Horas C\u00e1tedra Vacantes, Actas y Listado de Orden de M\u00e9rito<\/h3>\n<p class=\"sitio_noticia_copete\" >\n<hr class=\"sitio_noticia_contenido\" \/>\n<p >\n<p style=\"text-align: justify;\"><span style=\"font-family: arial, helvetica, sans-serif; font-size: 10pt;\"> La <strong>Direcci&oacute;n General de Educaci&oacute;n Superior<\/strong> y la <strong>Direcci&oacute;n General de Educaci&oacute;n T&eacute;cnica y Formaci&oacute;n Profesional<\/strong> informan las siguientes publicaciones de Horas C&aacute;tedra Vacantes, Actas y Listado de Orden de M&eacute;rito:<\/span><\/p>\n<p style=\"text-align: justify;\"><span style=\"font-family: arial, helvetica, sans-serif; font-size: 10pt;\"><strong>Nuevas Convocatorias a Horas C&aacute;tedra<\/strong><\/span><\/p>\n<ul>\n<li style=\"text-align: justify; padding-bottom: 3px;\"><span style=\"font-family: arial, helvetica, sans-serif; font-size: 10pt;\">140110100-Conservatorio Superior de M&uacute;sica Arturo Berutti-San Francisco &#8211; 687197758-Profesor\/a de M&uacute;sica &#8211; A78530-Pr&aacute;ctica Docente III Y Residencia &#8211; 3 A &#8211; Extensi&oacute;n de Fecha<\/span><\/li>\n<li style=\"text-align: justify; padding-bottom: 3px;\"><span style=\"font-family: arial, helvetica, sans-serif; font-size: 10pt;\">140323900-Escuela Normal Superior Dalmacio V&eacute;lez S&aacute;rsfield-Villa Dolores &#8211; 687197717-Profesor\/a de Educaci&oacute;n Primaria &#8211; A76038-Argentina En El Mundo Contempor&aacute;neo-Tronco Comun &#8211; 1 A<\/span><\/li>\n<li style=\"text-align: justify; padding-bottom: 3px;\"><span style=\"font-family: arial, helvetica, sans-serif; font-size: 10pt;\">140400100-Instituto Superior del Profesorado Mariano Moreno-Bell Ville &#8211; 687197761-Profesor\/a de Educaci&oacute;n Especial con orientaci&oacute;n en Discapacidad Intelectual &#8211; A76864-Lectura Y Escritura Acad&eacute;mica (hs. interinas) &#8211; 1 A<\/span><\/li>\n<li style=\"text-align: justify; padding-bottom: 3px;\"><span style=\"font-family: arial, helvetica, sans-serif; font-size: 10pt;\">140291100-Escuela Normal Superior Juan Bautista Alberdi-De&aacute;n Funes &#8211; 687197983-Profesor\/a de Educaci&oacute;n Secundaria en Biolog&iacute;a &#8211; A77257-Pr&aacute;ctica Docente III: El Aula: Espacio Del Aprender Y Del Ense&ntilde;ar &#8211; 3 A<\/span><\/li>\n<li style=\"text-align: justify; padding-bottom: 3px;\"><span style=\"font-family: arial, helvetica, sans-serif; font-size: 10pt;\">140319900-Instituto de Ense&ntilde;anza Superior Arturo Capdevila-Cruz Del Eje &#8211; 687198264-Tecnicatura Superior En Bromatolog&iacute;a &#8211; A53036-Tecnolog&iacute;a de la Informaci&oacute;n y la Comunicaci&oacute;n &#8211; 1 A<\/span><\/li>\n<li style=\"text-align: justify; padding-bottom: 3px;\"><span style=\"font-family: arial, helvetica, sans-serif; font-size: 10pt;\">140136601-Instituto Superior Zarela Moyano de Toledo &#8211; Anexo San Francisco del Cha&ntilde;ar-San Francisco Del Cha&ntilde;ar &#8211; 687197717-Profesor\/a de Educaci&oacute;n Primaria &#8211; A77257-Pr&aacute;ctica Docente III: El Aula: Espacio Del Aprender Y Del Ense&ntilde;ar-Tronco Comun (Desdoblamiento de c&aacute;tedra Res. 107\/2017) &#8211; 3 A<\/span><\/li>\n<\/ul>\n<p style=\"text-align: justify;\"><span style=\"font-family: arial, helvetica, sans-serif; font-size: 10pt;\"><strong>Nuevas Actas o Listados de Orden de M&eacute;rito de Horas C&aacute;tedra<\/strong><\/span><\/p>\n<ul>\n<li style=\"text-align: justify; padding-bottom: 3px;\"><span style=\"font-family: arial, helvetica, sans-serif; font-size: 10pt;\">140337300-Instituto de Educaci&oacute;n Superior del Centro de La Rep&uacute;blica Dr. Angel Diego M&aacute;rquez INESCER-Villa Mar&iacute;a &#8211; 687196781-Tecnicatura Superior en Trabajo Social &#8211; A62208-Derecho De la Minoridad Y De la Familia &#8211; 3 A &#8211; Rectificaci&oacute;n<\/span><\/li>\n<li style=\"text-align: justify; padding-bottom: 3px;\"><span style=\"font-family: arial, helvetica, sans-serif; font-size: 10pt;\">140462000-Centro de Educacion por El Arte La Posta-General Cabrera &#8211; 687196627-Taller de Expresi&oacute;n Musical &#8211; A10037-12-Taller de Expresi&oacute;n Musical Guitarra &#8211; Nivel IV (Ninguna) &#8211; 1 A &#8211; Rectificaci&oacute;n<\/span><\/li>\n<li style=\"text-align: justify; padding-bottom: 3px;\"><span style=\"font-family: arial, helvetica, sans-serif; font-size: 10pt;\">140462000-Centro de Educacion por El Arte La Posta-General Cabrera &#8211; 687196627-Taller de Expresi&oacute;n Musical &#8211; A10037-13-Taller de Expresi&oacute;n Musical Guitarra &#8211; Nivel V (Ninguna) &#8211; 1 A &#8211; Rectificaci&oacute;n<\/span><\/li>\n<li style=\"text-align: justify; padding-bottom: 3px;\"><span style=\"font-family: arial, helvetica, sans-serif; font-size: 10pt;\">140462000-Centro de Educacion por El Arte La Posta-General Cabrera &#8211; 687196627-Taller de Expresi&oacute;n Musical &#8211; A82133-Horas para Ensamble Vocal &#8211; 1 A<\/span><\/li>\n<li style=\"text-align: justify; padding-bottom: 3px;\"><span style=\"font-family: arial, helvetica, sans-serif; font-size: 10pt;\">140462000-Centro de Educacion por El Arte La Posta-General Cabrera &#8211; 687196627-Taller de Expresi&oacute;n Musical &#8211; A82132-Horas para Ensamble Instrumental &#8211; 1 A<\/span><\/li>\n<li style=\"text-align: justify; padding-bottom: 3px;\"><span style=\"font-family: arial, helvetica, sans-serif; font-size: 10pt;\">140321400-Escuela Normal Superior Dr. Nicol&aacute;s Avellaneda-San Francisco &#8211; 687198542-Tecnicatura Superior en Bibliotecolog&iacute;a con Orientaci&oacute;n Socioeducativa &#8211; A78640-Pr&aacute;ctica De Oralidad Lectura Y Escritura &#8211; 1 A<\/span><\/li>\n<li style=\"text-align: justify; padding-bottom: 3px;\"><span style=\"font-family: arial, helvetica, sans-serif; font-size: 10pt;\">140136600-Instituto Superior Zarela Moyano de Toledo-Jes&uacute;s Mar&iacute;a &#8211; 687197717-Profesor\/a de Educaci&oacute;n Primaria &#8211; A77088-Seminario I-Tronco Comun (Alfabetizaci&oacute;n en Lengua Inglesa I) &#8211; 2 A<\/span><\/li>\n<li style=\"text-align: justify; padding-bottom: 3px;\"><span style=\"font-family: arial, helvetica, sans-serif; font-size: 10pt;\">140136600-Instituto Superior Zarela Moyano de Toledo-Jes&uacute;s Mar&iacute;a &#8211; 687197716-Profesor\/a de Educaci&oacute;n Inicial &#8211; A76826-Ciencias Naturales Y su Did&aacute;ctica &#8211; 2 A<\/span><\/li>\n<li style=\"text-align: justify; padding-bottom: 3px;\"><span style=\"font-family: arial, helvetica, sans-serif; font-size: 10pt;\">140136600-Instituto Superior Zarela Moyano de Toledo-Jes&uacute;s Mar&iacute;a &#8211; 687197716-Profesor\/a de Educaci&oacute;n Inicial &#8211; A77253-Ciencias Naturales: Educaci&oacute;n Para La Salud \/ Educaci&oacute;n Ambiental &#8211; 3 A<\/span><\/li>\n<li style=\"text-align: justify; padding-bottom: 3px;\"><span style=\"font-family: arial, helvetica, sans-serif; font-size: 10pt;\">140136600-Instituto Superior Zarela Moyano de Toledo-Jes&uacute;s Mar&iacute;a &#8211; 687197717-Profesor\/a de Educaci&oacute;n Primaria &#8211; A76832-Ciencias Naturales Y su Did&aacute;ctica I-Tronco Comun &#8211; 2 A<\/span><\/li>\n<li style=\"text-align: justify; padding-bottom: 3px;\"><span style=\"font-family: arial, helvetica, sans-serif; font-size: 10pt;\">140136600-Instituto Superior Zarela Moyano de Toledo-Jes&uacute;s Mar&iacute;a &#8211; 687197717-Profesor\/a de Educaci&oacute;n Primaria &#8211; A77261-Ciencias Naturales Y su Did&aacute;ctica II-Tronco Comun &#8211; 3 A<\/span><\/li>\n<li style=\"text-align: justify; padding-bottom: 3px;\"><span style=\"font-family: arial, helvetica, sans-serif; font-size: 10pt;\">140136600-Instituto Superior Zarela Moyano de Toledo-Jes&uacute;s Mar&iacute;a &#8211; 687197982-Profesor\/a de Educaci&oacute;n Secundaria en Matem&aacute;tica &#8211; A76036-Problem&aacute;ticas Socioantropol&oacute;gicas En Educaci&oacute;n &#8211; 1 A<\/span><\/li>\n<li style=\"text-align: justify; padding-bottom: 3px;\"><span style=\"font-family: arial, helvetica, sans-serif; font-size: 10pt;\">140150800-Escuela Superior de Bellas Artes Luis Tessandori-Villa Dolores &#8211; 687196803-Tecnicatura Superior en Artes Visuales con Orientaci&oacute;n en Pintura &#8211; A53740-Visi&oacute;n I &#8211; 1 A<\/span><\/li>\n<li style=\"text-align: justify; padding-bottom: 3px;\"><span style=\"font-family: arial, helvetica, sans-serif; font-size: 10pt;\">140365100-Instituto Superior Dr. Carlos Mar&iacute;a Carena-Mina Clavero &#8211; 687197717-Profesor\/a de Educaci&oacute;n Primaria &#8211; A77267-Seminario III: Aprendizajes En Contextos Rurales-Educaci&oacute;n Rural (Seminario de Alfabetizaci&oacute;n Inglesa) &#8211; 3 A<\/span><\/li>\n<li style=\"text-align: justify; padding-bottom: 3px;\"><span style=\"font-family: arial, helvetica, sans-serif; font-size: 10pt;\">140291100-Escuela Normal Superior Juan Bautista Alberdi-De&aacute;n Funes &#8211; 687197742-Profesor\/a de Educaci&oacute;n F&iacute;sica &#8211; A79192-Pr&aacute;ctica Docente IV Y Residencia: Recrear Las Pr&aacute;cticas De Educaci&oacute;n F&iacute;sica (Apertura por el ciclo lectivo 2017 ) &#8211; 4 B<\/span><\/li>\n<li style=\"text-align: justify; padding-bottom: 3px;\"><span style=\"font-family: arial, helvetica, sans-serif; font-size: 10pt;\">140323900-Escuela Normal Superior Dalmacio V&eacute;lez S&aacute;rsfield-Villa Dolores &#8211; 687198147-Profesor\/a de Ingl&eacute;s &#8211; A76821-Did&aacute;ctica General &#8211; 2 A<\/span><\/li>\n<li style=\"text-align: justify; padding-bottom: 3px;\"><span style=\"font-family: arial, helvetica, sans-serif; font-size: 10pt;\">140323900-Escuela Normal Superior Dalmacio V&eacute;lez S&aacute;rsfield-Villa Dolores &#8211; 687198147-Profesor\/a de Ingl&eacute;s &#8211; A77320-Sujetos De la Educaci&oacute;n &#8211; 2 A<\/span><\/li>\n<li style=\"text-align: justify; padding-bottom: 3px;\"><span style=\"font-family: arial, helvetica, sans-serif; font-size: 10pt;\">140283800-Instituto Superior Carlos Alberto Leguizam&oacute;n-C&oacute;rdoba &#8211; 687197716-Profesor\/a de Educaci&oacute;n Inicial &#8211; A76037-Psicolog&iacute;a Y Educaci&oacute;n &#8211; 1 D<\/span><\/li>\n<li style=\"text-align: justify; padding-bottom: 3px;\"><span style=\"font-family: arial, helvetica, sans-serif; font-size: 10pt;\">140321401-Escuela Normal Superior Dr Nicol&aacute;s Avellaneda Anexo-San Francisco &#8211; 687198542-Tecnicatura Superior en Bibliotecolog&iacute;a con Orientaci&oacute;n Socioeducativa &#8211; A82154-Libros lecturas y bibliotecas: un enfoque hist&oacute;rico (interinato a termino) &#8211; 3 A<\/span><\/li>\n<li style=\"text-align: justify; padding-bottom: 3px;\"><span style=\"font-family: arial, helvetica, sans-serif; font-size: 10pt;\">140136604-Instituto Superior Zarela M de Toledo Anexo Sebastian Elcano-Sebasti&aacute;n Elcano &#8211; 687197983-Profesor\/a de Educaci&oacute;n Secundaria en Biolog&iacute;a &#8211; A77149-Unidad De Definici&oacute;n Institucional II &#8211; 4 A<\/span><\/li>\n<li style=\"text-align: justify; padding-bottom: 3px;\"><span style=\"font-family: arial, helvetica, sans-serif; font-size: 10pt;\">140136602-Instituto Superior Zarela Moyano de Toledo &#8211; ANEXO San Jos&eacute; de la Dormida-San Jos&eacute; De La Dormida &#8211; 687198144-Profesor\/a de Educaci&oacute;n Secundaria en Historia &#8211; A80032-Epistemolog&iacute;a E Investigaci&oacute;n Hist&oacute;rica &#8211; 3 A<\/span><\/li>\n<li style=\"text-align: justify; padding-bottom: 3px;\"><span style=\"font-family: arial, helvetica, sans-serif; font-size: 10pt;\">140136602-Instituto Superior Zarela Moyano de Toledo &#8211; ANEXO San Jos&eacute; de la Dormida-San Jos&eacute; De La Dormida &#8211; 687198144-Profesor\/a de Educaci&oacute;n Secundaria en Historia &#8211; A80033-Historia De Am&eacute;rica II &#8211; 3 A<\/span><\/li>\n<li style=\"text-align: justify; padding-bottom: 3px;\"><span style=\"font-family: arial, helvetica, sans-serif; font-size: 10pt;\">140136602-Instituto Superior Zarela Moyano de Toledo &#8211; ANEXO San Jos&eacute; de la Dormida-San Jos&eacute; De La Dormida &#8211; 687198144-Profesor\/a de Educaci&oacute;n Secundaria en Historia &#8211; A80036-Did&aacute;ctica De la Historia II (renuncia ) &#8211; 3 A<\/span><\/li>\n<li style=\"text-align: justify; padding-bottom: 3px;\"><span style=\"font-family: arial, helvetica, sans-serif; font-size: 10pt;\">140136604-Instituto Superior Zarela M de Toledo Anexo Sebastian Elcano-Sebasti&aacute;n Elcano &#8211; 687198144-Profesor\/a de Educaci&oacute;n Secundaria en Historia &#8211; A77148-Unidad De Definici&oacute;n Institucional I (apertura) &#8211; 4 A<\/span><\/li>\n<li style=\"text-align: justify; padding-bottom: 3px;\"><span style=\"font-family: arial, helvetica, sans-serif; font-size: 10pt;\">140136602-Instituto Superior Zarela Moyano de Toledo &#8211; ANEXO San Jos&eacute; de la Dormida-San Jos&eacute; De La Dormida &#8211; 687198144-Profesor\/a de Educaci&oacute;n Secundaria en Historia &#8211; A77148-Unidad De Definici&oacute;n Institucional I (La Problem&aacute;tica de la voz del docente &#8211; Foniatria) &#8211; 3 A<\/span><\/li>\n<li style=\"text-align: justify; padding-bottom: 3px;\"><span style=\"font-family: arial, helvetica, sans-serif; font-size: 10pt;\">140321401-Escuela Normal Superior Dr Nicol&aacute;s Avellaneda Anexo-San Francisco &#8211; 687198442-Tecnicatura Superior En Maquinarias Y Equipos Agropecuarios &#8211; A79838-Seguridad e Higiene y Medio Ambiente &#8211; 2 A<\/span><\/li>\n<li style=\"text-align: justify; padding-bottom: 3px;\"><span style=\"font-family: arial, helvetica, sans-serif; font-size: 10pt;\">140321401-Escuela Normal Superior Dr Nicol&aacute;s Avellaneda Anexo-San Francisco &#8211; 687197735-T&eacute;cnico Superior En Seguridad e higiene en el Trabajo &#8211; A3256-Matem&aacute;tica Aplicada &#8211; 1 A<\/span><\/li>\n<li style=\"text-align: justify; padding-bottom: 3px;\"><span style=\"font-family: arial, helvetica, sans-serif; font-size: 10pt;\">140321401-Escuela Normal Superior Dr Nicol&aacute;s Avellaneda Anexo-San Francisco &#8211; 687198826-Tecnicatura Superior En Qu&iacute;mica De Los Materiales &#8211; A75521-Pr&aacute;ctica Profesionalizante I &#8211; 2 A<\/span><\/li>\n<li style=\"text-align: justify; padding-bottom: 3px;\"><span style=\"font-family: arial, helvetica, sans-serif; font-size: 10pt;\">140291101-Escuela Normal Superior Juan Bautista Alberdi &#8211; ANEXO V. Mar&iacute;a de R&iacute;o Seco-Villa De Mar&iacute;a &#8211; 687197982-Profesor\/a de Educaci&oacute;n Secundaria en Matem&aacute;tica &#8211; A77257-Pr&aacute;ctica Docente III: El Aula: Espacio Del Aprender Y Del Ense&ntilde;ar (Apertura por el ciclo lectivo 2017) &#8211; 3 B<\/span><\/li>\n<\/ul>\n<p style=\"text-align: justify;\"><span style=\"font-family: arial, helvetica, sans-serif; font-size: 10pt;\"><strong>Para ver mayor informaci&oacute;n sobre las Horas C&aacute;tedra Vacantes, Actas y Ordenes de M&eacute;rito: <\/strong><a href=\"index.cgi?wid_item=194&amp;wid_seccion=50\">Clic Aqu&iacute;<\/a>.<\/span><\/p><\/p>\n","protected":false},"excerpt":{"rendered":"<p>Publicaci\u00f3n de Horas C\u00e1tedra Vacantes, Actas y Listado de Orden de M\u00e9rito La Direcci&oacute;n General de Educaci&oacute;n Superior y la Direcci&oacute;n General de Educaci&oacute;n T&eacute;cnica y Formaci&oacute;n Profesional informan las siguientes publicaciones de Horas C&aacute;tedra Vacantes, Actas y Listado de Orden de M&eacute;rito: Nuevas Convocatorias a Horas C&aacute;tedra 140110100-Conservatorio Superior de M&uacute;sica Arturo Berutti-San Francisco &#8230; <a title=\"Publicaci\u00f3n de Horas C\u00e1tedra Vacantes, Actas y Listado de Orden de M\u00e9rito\" class=\"read-more\" href=\"https:\/\/dges-cba.infd.edu.ar\/sitio\/publicacion-de-horas-catedra-vacantes-actas-y-listado-de-orden-de-merito-488\/\" aria-label=\"More on Publicaci\u00f3n de Horas C\u00e1tedra Vacantes, Actas y Listado de Orden de M\u00e9rito\">[+]<\/a><\/p>\n","protected":false},"author":17224,"featured_media":0,"comment_status":"open","ping_status":"open","sticky":false,"template":"","format":"standard","meta":[],"categories":[7,6],"tags":[],"acf":[],"_links":{"self":[{"href":"https:\/\/dges-cba.infd.edu.ar\/sitio\/wp-json\/wp\/v2\/posts\/7691"}],"collection":[{"href":"https:\/\/dges-cba.infd.edu.ar\/sitio\/wp-json\/wp\/v2\/posts"}],"about":[{"href":"https:\/\/dges-cba.infd.edu.ar\/sitio\/wp-json\/wp\/v2\/types\/post"}],"author":[{"embeddable":true,"href":"https:\/\/dges-cba.infd.edu.ar\/sitio\/wp-json\/wp\/v2\/users\/17224"}],"replies":[{"embeddable":true,"href":"https:\/\/dges-cba.infd.edu.ar\/sitio\/wp-json\/wp\/v2\/comments?post=7691"}],"version-history":[{"count":0,"href":"https:\/\/dges-cba.infd.edu.ar\/sitio\/wp-json\/wp\/v2\/posts\/7691\/revisions"}],"wp:attachment":[{"href":"https:\/\/dges-cba.infd.edu.ar\/sitio\/wp-json\/wp\/v2\/media?parent=7691"}],"wp:term":[{"taxonomy":"category","embeddable":true,"href":"https:\/\/dges-cba.infd.edu.ar\/sitio\/wp-json\/wp\/v2\/categories?post=7691"},{"taxonomy":"post_tag","embeddable":true,"href":"https:\/\/dges-cba.infd.edu.ar\/sitio\/wp-json\/wp\/v2\/tags?post=7691"}],"curies":[{"name":"wp","href":"https:\/\/api.w.org\/{rel}","templated":true}]}}