{"id":7692,"date":"2017-05-05T00:00:00","date_gmt":"2017-05-05T00:00:00","guid":{"rendered":"https:\/\/dges-cba.infd.edu.ar\/sitio\/publicacion-de-horas-catedra-vacantes-actas-y-listado-de-orden-de-merito-489\/"},"modified":"2017-05-05T00:00:00","modified_gmt":"2017-05-05T00:00:00","slug":"publicacion-de-horas-catedra-vacantes-actas-y-listado-de-orden-de-merito-489","status":"publish","type":"post","link":"https:\/\/dges-cba.infd.edu.ar\/sitio\/publicacion-de-horas-catedra-vacantes-actas-y-listado-de-orden-de-merito-489\/","title":{"rendered":"Publicaci\u00f3n de Horas C\u00e1tedra Vacantes, Actas y Listado de Orden de M\u00e9rito"},"content":{"rendered":"<p class=\"sitio_noticia_volanta\" >\n<h3>Publicaci\u00f3n de Horas C\u00e1tedra Vacantes, Actas y Listado de Orden de M\u00e9rito<\/h3>\n<p class=\"sitio_noticia_copete\" >\n<hr class=\"sitio_noticia_contenido\" \/>\n<p >\n<p style=\"text-align: justify;\"><span style=\"font-family: arial, helvetica, sans-serif; font-size: 10pt;\"> La <strong>Direcci&oacute;n General de Educaci&oacute;n Superior<\/strong> y la <strong>Direcci&oacute;n General de Educaci&oacute;n T&eacute;cnica y Formaci&oacute;n Profesional<\/strong> informan las siguientes publicaciones de Horas C&aacute;tedra Vacantes, Actas y Listado de Orden de M&eacute;rito:<\/span><\/p>\n<p style=\"text-align: justify;\"><span style=\"font-family: arial, helvetica, sans-serif; font-size: 10pt;\"><strong>Nuevas Convocatorias a Horas C&aacute;tedra<\/strong><\/span><\/p>\n<ul>\n<li style=\"text-align: justify; padding-bottom: 3px;\"><span style=\"font-family: arial, helvetica, sans-serif; font-size: 10pt;\">140189000-Escuela Normal Superior de Villa del Totoral-Villa Del Totoral &#8211; 687198442-Tecnicatura Superior En Maquinarias Y Equipos Agropecuarios &#8211; A79836-Transmisiones No Mec&aacute;nicas &#8211; 2 A &#8211; Extensi&oacute;n de Fecha<\/span><\/li>\n<li style=\"text-align: justify; padding-bottom: 3px;\"><span style=\"font-family: arial, helvetica, sans-serif; font-size: 10pt;\">140262300-Escuela Superior de Bellas Artes Emilio Caraffa-Cosqu&iacute;n &#8211; 687197757-Profesor\/a de Artes Visuales &#8211; A77319-Pr&aacute;ctica Docente II: Escuelas Historias Documentadas Y Cotidianeidad &#8211; 2 A<\/span><\/li>\n<li style=\"text-align: justify; padding-bottom: 3px;\"><span style=\"font-family: arial, helvetica, sans-serif; font-size: 10pt;\">140032800-Conservatorio Superior de M&uacute;sica Gilardo Gilardi-Bell Ville &#8211; 687197758-Profesor\/a de M&uacute;sica &#8211; A76851-Instrumento Arm&oacute;nico I (Guitarra) &#8211; 1 I<\/span><\/li>\n<li style=\"text-align: justify; padding-bottom: 3px;\"><span style=\"font-family: arial, helvetica, sans-serif; font-size: 10pt;\">140032800-Conservatorio Superior de M&uacute;sica Gilardo Gilardi-Bell Ville &#8211; 687197758-Profesor\/a de M&uacute;sica &#8211; A76851-Instrumento Arm&oacute;nico I (Guitarra) &#8211; 1 J<\/span><\/li>\n<li style=\"text-align: justify; padding-bottom: 3px;\"><span style=\"font-family: arial, helvetica, sans-serif; font-size: 10pt;\">140032800-Conservatorio Superior de M&uacute;sica Gilardo Gilardi-Bell Ville &#8211; 687197758-Profesor\/a de M&uacute;sica &#8211; A76851-Instrumento Arm&oacute;nico I (Guitarra) &#8211; 1 1<\/span><\/li>\n<li style=\"text-align: justify; padding-bottom: 3px;\"><span style=\"font-family: arial, helvetica, sans-serif; font-size: 10pt;\">140032800-Conservatorio Superior de M&uacute;sica Gilardo Gilardi-Bell Ville &#8211; 687197758-Profesor\/a de M&uacute;sica &#8211; A76820-Filosof&iacute;a Y Educaci&oacute;n &#8211; 4 A<\/span><\/li>\n<li style=\"text-align: justify; padding-bottom: 3px;\"><span style=\"font-family: arial, helvetica, sans-serif; font-size: 10pt;\">140323900-Escuela Normal Superior Dalmacio V&eacute;lez S&aacute;rsfield-Villa Dolores &#8211; 687198147-Profesor\/a de Ingl&eacute;s &#8211; A77248-Historia Y Pol&iacute;tica De la Educaci&oacute;n Argentina &#8211; 2 A<\/span><\/li>\n<li style=\"text-align: justify; padding-bottom: 3px;\"><span style=\"font-family: arial, helvetica, sans-serif; font-size: 10pt;\">140291400-Escuela Normal Superior Arturo Capdevila-La Falda &#8211; 687198147-Profesor\/a de Ingl&eacute;s &#8211; A77148-Unidad De Definici&oacute;n Institucional I (Unidad de Definici&oacute;n Institucional Tic y La Ense&ntilde;anza -) &#8211; 3 A<\/span><\/li>\n<li style=\"text-align: justify; padding-bottom: 3px;\"><span style=\"font-family: arial, helvetica, sans-serif; font-size: 10pt;\">140136601-Instituto Superior Zarela Moyano de Toledo &#8211; Anexo San Francisco del Cha&ntilde;ar-San Francisco Del Cha&ntilde;ar &#8211; 687197717-Profesor\/a de Educaci&oacute;n Primaria &#8211; A77090-Seminario I: Educaci&oacute;n Rural-Educaci&oacute;n Rural &#8211; 3 A<\/span><\/li>\n<li style=\"text-align: justify; padding-bottom: 3px;\"><span style=\"font-family: arial, helvetica, sans-serif; font-size: 10pt;\">140136604-Instituto Superior Zarela M de Toledo Anexo Sebastian Elcano-Sebasti&aacute;n Elcano &#8211; 687197983-Profesor\/a de Educaci&oacute;n Secundaria en Biolog&iacute;a &#8211; A77149-Unidad De Definici&oacute;n Institucional II (Educaci&oacute;n Sexual Integral &#8211; ) &#8211; 4 A<\/span><\/li>\n<li style=\"text-align: justify; padding-bottom: 3px;\"><span style=\"font-family: arial, helvetica, sans-serif; font-size: 10pt;\">140136602-Instituto Superior Zarela Moyano de Toledo &#8211; ANEXO San Jos&eacute; de la Dormida-San Jos&eacute; De La Dormida &#8211; 687198144-Profesor\/a de Educaci&oacute;n Secundaria en Historia &#8211; A77148-Unidad De Definici&oacute;n Institucional I (Educaci&oacute;n Sexual Integral ) &#8211; 3 A<\/span><\/li>\n<\/ul>\n<p style=\"text-align: justify;\"><span style=\"font-family: arial, helvetica, sans-serif; font-size: 10pt;\"><strong>Nuevas Actas o Listados de Orden de M&eacute;rito de Horas C&aacute;tedra<\/strong><\/span><\/p>\n<ul>\n<li style=\"text-align: justify; padding-bottom: 3px;\"><span style=\"font-family: arial, helvetica, sans-serif; font-size: 10pt;\">140262300-Escuela Superior de Bellas Artes Emilio Caraffa-Cosqu&iacute;n &#8211; 687197757-Profesor\/a de Artes Visuales &#8211; A77319-Pr&aacute;ctica Docente II: Escuelas Historias Documentadas Y Cotidianeidad &#8211; 2 A<\/span><\/li>\n<li style=\"text-align: justify; padding-bottom: 3px;\"><span style=\"font-family: arial, helvetica, sans-serif; font-size: 10pt;\">140337300-Instituto de Educaci&oacute;n Superior del Centro de La Rep&uacute;blica Dr. Angel Diego M&aacute;rquez INESCER-Villa Mar&iacute;a &#8211; 687196781-Tecnicatura Superior en Trabajo Social &#8211; A63900-Seminario: Salud Mental Y Desarrollo Social &#8211; 3 A<\/span><\/li>\n<li style=\"text-align: justify; padding-bottom: 3px;\"><span style=\"font-family: arial, helvetica, sans-serif; font-size: 10pt;\">140462000-Centro de Educacion por El Arte La Posta-General Cabrera &#8211; 687196627-Taller de Expresi&oacute;n Musical &#8211; A82133-Horas para Ensamble Vocal &#8211; 1 A &#8211; Rectificaci&oacute;n<\/span><\/li>\n<li style=\"text-align: justify; padding-bottom: 3px;\"><span style=\"font-family: arial, helvetica, sans-serif; font-size: 10pt;\">140462000-Centro de Educacion por El Arte La Posta-General Cabrera &#8211; 687196627-Taller de Expresi&oacute;n Musical &#8211; A82132-Horas para Ensamble Instrumental &#8211; 1 A &#8211; Rectificaci&oacute;n<\/span><\/li>\n<li style=\"text-align: justify; padding-bottom: 3px;\"><span style=\"font-family: arial, helvetica, sans-serif; font-size: 10pt;\">140337300-Instituto de Educaci&oacute;n Superior del Centro de La Rep&uacute;blica Dr. Angel Diego M&aacute;rquez INESCER-Villa Mar&iacute;a &#8211; 627142070-Tecnicatura Superior en Comunicaci&oacute;n Social &#8211; A3098-Elementos de Derecho (I Cuat) (S&oacute;lo por el a&ntilde;o lectivo 2017- materia cuatrimestral) &#8211; 4 A<\/span><\/li>\n<li style=\"text-align: justify; padding-bottom: 3px;\"><span style=\"font-family: arial, helvetica, sans-serif; font-size: 10pt;\">140189000-Escuela Normal Superior de Villa del Totoral-Villa Del Totoral &#8211; 687198147-Profesor\/a de Ingl&eacute;s &#8211; A80076-Gram&aacute;tica Inglesa III &#8211; 3 A<\/span><\/li>\n<li style=\"text-align: justify; padding-bottom: 3px;\"><span style=\"font-family: arial, helvetica, sans-serif; font-size: 10pt;\">140189000-Escuela Normal Superior de Villa del Totoral-Villa Del Totoral &#8211; 687197717-Profesor\/a de Educaci&oacute;n Primaria &#8211; A76035-Pedagog&iacute;a-Tronco Comun &#8211; 1 A<\/span><\/li>\n<li style=\"text-align: justify; padding-bottom: 3px;\"><span style=\"font-family: arial, helvetica, sans-serif; font-size: 10pt;\">140383600-Instituto Superior Jer&oacute;nimo Luis de Cabrera-General Cabrera &#8211; 687197717-Profesor\/a de Educaci&oacute;n Primaria &#8211; A76041-Pr&aacute;ctica Docente I: Contextos Y Pr&aacute;cticas Educativas-Tronco Comun (Deber&aacute; contar con la suficiente flexibilidad y disponibilidad horaria para el cumplimiento de las funciones que le son atinentes.) &#8211; 1 A<\/span><\/li>\n<li style=\"text-align: justify; padding-bottom: 3px;\"><span style=\"font-family: arial, helvetica, sans-serif; font-size: 10pt;\">140383600-Instituto Superior Jer&oacute;nimo Luis de Cabrera-General Cabrera &#8211; 687197717-Profesor\/a de Educaci&oacute;n Primaria &#8211; A77257-Pr&aacute;ctica Docente III: El Aula: Espacio Del Aprender Y Del Ense&ntilde;ar-Tronco Comun (Deber&aacute; contar con la suficiente flexibilidad y disponibilidad horaria para el cumplimiento de las funciones que le son atinentes.) &#8211; 3 A<\/span><\/li>\n<li style=\"text-align: justify; padding-bottom: 3px;\"><span style=\"font-family: arial, helvetica, sans-serif; font-size: 10pt;\">140189000-Escuela Normal Superior de Villa del Totoral-Villa Del Totoral &#8211; 687197717-Profesor\/a de Educaci&oacute;n Primaria &#8211; A77261-Ciencias Naturales Y su Did&aacute;ctica II-Tronco Comun &#8211; 3 A<\/span><\/li>\n<li style=\"text-align: justify; padding-bottom: 3px;\"><span style=\"font-family: arial, helvetica, sans-serif; font-size: 10pt;\">140383600-Instituto Superior Jer&oacute;nimo Luis de Cabrera-General Cabrera &#8211; 687197717-Profesor\/a de Educaci&oacute;n Primaria &#8211; A77929-Pr&aacute;ctica Docente IV Y Residencia: Recrear Las Pr&aacute;cticas Docentes-Tronco Comun (Deber&aacute; contar con la suficiente flexibilidad y disponibilidad horaria para el cumplimiento de las funciones que le son atinentes.) &#8211; 4 A<\/span><\/li>\n<li style=\"text-align: justify; padding-bottom: 3px;\"><span style=\"font-family: arial, helvetica, sans-serif; font-size: 10pt;\">140254600-Escuela Superior de Bellas Artes Fernando Fader-Bell Ville &#8211; 687197757-Profesor\/a de Artes Visuales &#8211; A76037-Psicolog&iacute;a Y Educaci&oacute;n &#8211; 3 A<\/span><\/li>\n<li style=\"text-align: justify; padding-bottom: 3px;\"><span style=\"font-family: arial, helvetica, sans-serif; font-size: 10pt;\">140189000-Escuela Normal Superior de Villa del Totoral-Villa Del Totoral &#8211; 687197717-Profesor\/a de Educaci&oacute;n Primaria &#8211; A80452-Pr&aacute;ctica Docente IV y Residencia: Recrear Las Pr&aacute;cticas Docentes &#8211; Ateneos y Tutor&iacute;as &#8211; Lengua y su Did&aacute;ctica-Tronco Comun &#8211; 4 A<\/span><\/li>\n<li style=\"text-align: justify; padding-bottom: 3px;\"><span style=\"font-family: arial, helvetica, sans-serif; font-size: 10pt;\">140189000-Escuela Normal Superior de Villa del Totoral-Villa Del Totoral &#8211; 687197717-Profesor\/a de Educaci&oacute;n Primaria &#8211; A80455-Pr&aacute;ctica Docente IV y Residencia: Recrear Las Pr&aacute;cticas Docentes &#8211; Ateneos y Tutor&iacute;as &#8211; Matem&aacute;tica y su Did&aacute;ctica-Tronco Comun (Renuncia) &#8211; 4 A<\/span><\/li>\n<li style=\"text-align: justify; padding-bottom: 3px;\"><span style=\"font-family: arial, helvetica, sans-serif; font-size: 10pt;\">140383600-Instituto Superior Jer&oacute;nimo Luis de Cabrera-General Cabrera &#8211; 687197717-Profesor\/a de Educaci&oacute;n Primaria &#8211; A76823-Pr&aacute;ctica Docente II: Escuelas Historias Documentadas Y Cotidianeidad-Tronco Comun (Deber&aacute; contar con la suficiente flexibilidad y disponibilidad horaria para el cumplimiento de las funciones que le son atinentes.) &#8211; 2 A<\/span><\/li>\n<li style=\"text-align: justify; padding-bottom: 3px;\"><span style=\"font-family: arial, helvetica, sans-serif; font-size: 10pt;\">140365100-Instituto Superior Dr. Carlos Mar&iacute;a Carena-Mina Clavero &#8211; 687197717-Profesor\/a de Educaci&oacute;n Primaria &#8211; A77267-Seminario III: Aprendizajes En Contextos Rurales-Educaci&oacute;n Rural (Seminario de Alfabetizaci&oacute;n Inglesa) &#8211; 3 A &#8211; Rectificaci&oacute;n<\/span><\/li>\n<li style=\"text-align: justify; padding-bottom: 3px;\"><span style=\"font-family: arial, helvetica, sans-serif; font-size: 10pt;\">140051600-Escuela Superior de Bellas Artes Emiliano G&oacute;mez Clara-Villa Mar&iacute;a &#8211; 687196804-Tecnicatura Superior en Dise&ntilde;o Grafico &#8211; A60467-Taller De Producci&oacute;n III (A T&eacute;rmino) &#8211; 3 B<\/span><\/li>\n<li style=\"text-align: justify; padding-bottom: 3px;\"><span style=\"font-family: arial, helvetica, sans-serif; font-size: 10pt;\">140051600-Escuela Superior de Bellas Artes Emiliano G&oacute;mez Clara-Villa Mar&iacute;a &#8211; 687196804-Tecnicatura Superior en Dise&ntilde;o Grafico &#8211; A60558-Laboratorio De Inform&aacute;tica Aplicada III (Espacio Curricular a T&eacute;rmino) &#8211; 3 B<\/span><\/li>\n<li style=\"text-align: justify; padding-bottom: 3px;\"><span style=\"font-family: arial, helvetica, sans-serif; font-size: 10pt;\">140240300-Instituto Superior Arturo Umberto Illia-Villa Carlos Paz &#8211; 687197783-Tecnicatura Superior En Turismo &#8211; A77532-Organizaci&oacute;n y Gesti&oacute;n de Empresas del Turismo &#8211; 2 1<\/span><\/li>\n<li style=\"text-align: justify; padding-bottom: 3px;\"><span style=\"font-family: arial, helvetica, sans-serif; font-size: 10pt;\">140240300-Instituto Superior Arturo Umberto Illia-Villa Carlos Paz &#8211; 687198825-Gu&iacute;a Superior En Turismo &#8211; A81069-Turismo Sustentable &#8211; 3 2<\/span><\/li>\n<li style=\"text-align: justify; padding-bottom: 3px;\"><span style=\"font-family: arial, helvetica, sans-serif; font-size: 10pt;\">140365100-Instituto Superior Dr. Carlos Mar&iacute;a Carena-Mina Clavero &#8211; 687197717-Profesor\/a de Educaci&oacute;n Primaria &#8211; A77088-Seminario I-Tronco Comun (Alfabetizaci&oacute;n en lengua Inglesa) &#8211; 2 A<\/span><\/li>\n<li style=\"text-align: justify; padding-bottom: 3px;\"><span style=\"font-family: arial, helvetica, sans-serif; font-size: 10pt;\">140312400-Instituto Superior Clelia F. Castagnino-Ucacha &#8211; 687197716-Profesor\/a de Educaci&oacute;n Inicial &#8211; A77929-Pr&aacute;ctica Docente IV Y Residencia: Recrear Las Pr&aacute;cticas Docentes (Profesora de Educaci&oacute;n Inicial- Antig&uuml;edad en el ejercicio de la docencia en Nivel Inicial) &#8211; 4 A<\/span><\/li>\n<li style=\"text-align: justify; padding-bottom: 3px;\"><span style=\"font-family: arial, helvetica, sans-serif; font-size: 10pt;\">140283800-Instituto Superior Carlos Alberto Leguizam&oacute;n-C&oacute;rdoba &#8211; 687197644-Tecnicatura Superior en Seguridad Vial &#8211; A61622-Pr&aacute;ctica Profesional II &#8211; 2 A<\/span><\/li>\n<li style=\"text-align: justify; padding-bottom: 3px;\"><span style=\"font-family: arial, helvetica, sans-serif; font-size: 10pt;\">140047501-Escuela Normal Superior Maestros Argentinos Anexo Alejo Ledesma-Alejo Ledesma &#8211; 687197982-Profesor\/a de Educaci&oacute;n Secundaria en Matem&aacute;tica &#8211; A79874-Modelizaci&oacute;n Matem&aacute;tica En Las Ciencias (Interino a T&eacute;rmino) &#8211; 4 A<\/span><\/li>\n<li style=\"text-align: justify; padding-bottom: 3px;\"><span style=\"font-family: arial, helvetica, sans-serif; font-size: 10pt;\">140047501-Escuela Normal Superior Maestros Argentinos Anexo Alejo Ledesma-Alejo Ledesma &#8211; 687197982-Profesor\/a de Educaci&oacute;n Secundaria en Matem&aacute;tica &#8211; A79875-Did&aacute;ctica De la Matem&aacute;tica III (Interino a T&eacute;rmino) &#8211; 4 A<\/span><\/li>\n<\/ul>\n<p style=\"text-align: justify;\"><span style=\"font-family: arial, helvetica, sans-serif; font-size: 10pt;\"><strong>Para ver mayor informaci&oacute;n sobre las Horas C&aacute;tedra Vacantes, Actas y Ordenes de M&eacute;rito: <\/strong><a href=\"index.cgi?wid_item=194&amp;wid_seccion=50\">Clic Aqu&iacute;<\/a>.<\/span><\/p><\/p>\n","protected":false},"excerpt":{"rendered":"<p>Publicaci\u00f3n de Horas C\u00e1tedra Vacantes, Actas y Listado de Orden de M\u00e9rito La Direcci&oacute;n General de Educaci&oacute;n Superior y la Direcci&oacute;n General de Educaci&oacute;n T&eacute;cnica y Formaci&oacute;n Profesional informan las siguientes publicaciones de Horas C&aacute;tedra Vacantes, Actas y Listado de Orden de M&eacute;rito: Nuevas Convocatorias a Horas C&aacute;tedra 140189000-Escuela Normal Superior de Villa del Totoral-Villa &#8230; <a title=\"Publicaci\u00f3n de Horas C\u00e1tedra Vacantes, Actas y Listado de Orden de M\u00e9rito\" class=\"read-more\" href=\"https:\/\/dges-cba.infd.edu.ar\/sitio\/publicacion-de-horas-catedra-vacantes-actas-y-listado-de-orden-de-merito-489\/\" aria-label=\"More on Publicaci\u00f3n de Horas C\u00e1tedra Vacantes, Actas y Listado de Orden de M\u00e9rito\">[+]<\/a><\/p>\n","protected":false},"author":17224,"featured_media":0,"comment_status":"open","ping_status":"open","sticky":false,"template":"","format":"standard","meta":[],"categories":[7,6],"tags":[],"acf":[],"_links":{"self":[{"href":"https:\/\/dges-cba.infd.edu.ar\/sitio\/wp-json\/wp\/v2\/posts\/7692"}],"collection":[{"href":"https:\/\/dges-cba.infd.edu.ar\/sitio\/wp-json\/wp\/v2\/posts"}],"about":[{"href":"https:\/\/dges-cba.infd.edu.ar\/sitio\/wp-json\/wp\/v2\/types\/post"}],"author":[{"embeddable":true,"href":"https:\/\/dges-cba.infd.edu.ar\/sitio\/wp-json\/wp\/v2\/users\/17224"}],"replies":[{"embeddable":true,"href":"https:\/\/dges-cba.infd.edu.ar\/sitio\/wp-json\/wp\/v2\/comments?post=7692"}],"version-history":[{"count":0,"href":"https:\/\/dges-cba.infd.edu.ar\/sitio\/wp-json\/wp\/v2\/posts\/7692\/revisions"}],"wp:attachment":[{"href":"https:\/\/dges-cba.infd.edu.ar\/sitio\/wp-json\/wp\/v2\/media?parent=7692"}],"wp:term":[{"taxonomy":"category","embeddable":true,"href":"https:\/\/dges-cba.infd.edu.ar\/sitio\/wp-json\/wp\/v2\/categories?post=7692"},{"taxonomy":"post_tag","embeddable":true,"href":"https:\/\/dges-cba.infd.edu.ar\/sitio\/wp-json\/wp\/v2\/tags?post=7692"}],"curies":[{"name":"wp","href":"https:\/\/api.w.org\/{rel}","templated":true}]}}