{"id":7702,"date":"2017-05-10T00:00:00","date_gmt":"2017-05-10T00:00:00","guid":{"rendered":"https:\/\/dges-cba.infd.edu.ar\/sitio\/publicacion-de-horas-catedra-vacantes-actas-y-listado-de-orden-de-merito-492\/"},"modified":"2017-05-10T00:00:00","modified_gmt":"2017-05-10T00:00:00","slug":"publicacion-de-horas-catedra-vacantes-actas-y-listado-de-orden-de-merito-492","status":"publish","type":"post","link":"https:\/\/dges-cba.infd.edu.ar\/sitio\/publicacion-de-horas-catedra-vacantes-actas-y-listado-de-orden-de-merito-492\/","title":{"rendered":"Publicaci\u00f3n de Horas C\u00e1tedra Vacantes, Actas y Listado de Orden de M\u00e9rito"},"content":{"rendered":"<p class=\"sitio_noticia_volanta\" >\n<h3>Publicaci\u00f3n de Horas C\u00e1tedra Vacantes, Actas y Listado de Orden de M\u00e9rito<\/h3>\n<p class=\"sitio_noticia_copete\" >\n<hr class=\"sitio_noticia_contenido\" \/>\n<p >\n<p style=\"text-align: justify;\"><span style=\"font-family: arial, helvetica, sans-serif; font-size: 10pt;\"> La <strong>Direcci&oacute;n General de Educaci&oacute;n Superior<\/strong> y la <strong>Direcci&oacute;n General de Educaci&oacute;n T&eacute;cnica y Formaci&oacute;n Profesional<\/strong> informan las siguientes publicaciones de Horas C&aacute;tedra Vacantes, Actas y Listado de Orden de M&eacute;rito:<\/span><\/p>\n<p style=\"text-align: justify;\"><span style=\"font-family: arial, helvetica, sans-serif; font-size: 10pt;\"><strong>Nuevas Convocatorias a Horas C&aacute;tedra<\/strong><\/span><\/p>\n<ul>\n<li style=\"text-align: justify; padding-bottom: 3px;\"><span style=\"font-family: arial, helvetica, sans-serif; font-size: 10pt;\">140461900-Centro de Educaci&oacute;n por El Arte La Carlota-La Carlota &#8211; 687196632-Taller de Expresi&oacute;n Literaria &#8211; A10039-1-Taller de Expresi&oacute;n Literaria &#8211; Nivel I (Orientaci&oacute;n en Teatro) &#8211; 1 A &#8211; Extensi&oacute;n de Fecha<\/span><\/li>\n<li style=\"text-align: justify; padding-bottom: 3px;\"><span style=\"font-family: arial, helvetica, sans-serif; font-size: 10pt;\">140461900-Centro de Educaci&oacute;n por El Arte La Carlota-La Carlota &#8211; 687196632-Taller de Expresi&oacute;n Literaria &#8211; A10039-2-Taller de Expresi&oacute;n Literaria &#8211; Nivel II (Orientaci&oacute;n en teatro) &#8211; 1 A &#8211; Extensi&oacute;n de Fecha<\/span><\/li>\n<li style=\"text-align: justify; padding-bottom: 3px;\"><span style=\"font-family: arial, helvetica, sans-serif; font-size: 10pt;\">140461900-Centro de Educaci&oacute;n por El Arte La Carlota-La Carlota &#8211; 687196632-Taller de Expresi&oacute;n Literaria &#8211; A10039-3-Taller de Expresi&oacute;n Literaria &#8211; Nivel III (Orientaci&oacute;n en teatro) &#8211; 1 A &#8211; Extensi&oacute;n de Fecha<\/span><\/li>\n<li style=\"text-align: justify; padding-bottom: 3px;\"><span style=\"font-family: arial, helvetica, sans-serif; font-size: 10pt;\">140409000-Instituto Superior del Profesorado Tecnol&oacute;gico-C&oacute;rdoba &#8211; 687197802-Capacitaci&oacute;n para Graduados No Docentes &#8211; A77549-Pr&aacute;ctica Docente II: Recrear Las Pr&aacute;cticas Docentes (Renuncia del titular) &#8211; 2 B<\/span><\/li>\n<li style=\"text-align: justify; padding-bottom: 3px;\"><span style=\"font-family: arial, helvetica, sans-serif; font-size: 10pt;\">140278800-Escuela Normal Superior Dalmacio Velez Sarsfield-Las Varillas &#8211; 687197983-Profesor\/a de Educaci&oacute;n Secundaria en Biolog&iacute;a &#8211; A77320-Sujetos De la Educaci&oacute;n (Renuncia de la Profesora) &#8211; 3 A<\/span><\/li>\n<li style=\"text-align: justify; padding-bottom: 3px;\"><span style=\"font-family: arial, helvetica, sans-serif; font-size: 10pt;\">140278800-Escuela Normal Superior Dalmacio Velez Sarsfield-Las Varillas &#8211; 687197985-Profesor\/a de Educaci&oacute;n Secundaria en Qu&iacute;mica &#8211; A76037-Psicolog&iacute;a Y Educaci&oacute;n (renuncia de la Profesora) &#8211; 2 A<\/span><\/li>\n<li style=\"text-align: justify; padding-bottom: 3px;\"><span style=\"font-family: arial, helvetica, sans-serif; font-size: 10pt;\">140397100-Instituto de Ense&ntilde;anza Superior Sim&oacute;n Bol&iacute;var-C&oacute;rdoba &#8211; 687197985-Profesor\/a de Educaci&oacute;n Secundaria en Qu&iacute;mica &#8211; A76823-Pr&aacute;ctica Docente II: Escuelas Historias Documentadas Y Cotidianeidad (Profesor en Ciencias de la Educaci&oacute;n &#8211; Licenciado en Ciencias de la Educaci&oacute;n) &#8211; 2 A<\/span><\/li>\n<li style=\"text-align: justify; padding-bottom: 3px;\"><span style=\"font-family: arial, helvetica, sans-serif; font-size: 10pt;\">140397100-Instituto de Ense&ntilde;anza Superior Sim&oacute;n Bol&iacute;var-C&oacute;rdoba &#8211; 687198144-Profesor\/a de Educaci&oacute;n Secundaria en Historia &#8211; A77148-Unidad De Definici&oacute;n Institucional I &#8211; 3 A<\/span><\/li>\n<li style=\"text-align: justify; padding-bottom: 3px;\"><span style=\"font-family: arial, helvetica, sans-serif; font-size: 10pt;\">140397100-Instituto de Ense&ntilde;anza Superior Sim&oacute;n Bol&iacute;var-C&oacute;rdoba &#8211; 687198145-Profesor\/a de Educaci&oacute;n Secundaria en Geograf&iacute;a &#8211; A80056-Geograf&iacute;a Mundial I (Profesor de Geograf&iacute;a &#8211; Licenciado en Geograf&iacute;a) &#8211; 3 A<\/span><\/li>\n<li style=\"text-align: justify; padding-bottom: 3px;\"><span style=\"font-family: arial, helvetica, sans-serif; font-size: 10pt;\">140397100-Instituto de Ense&ntilde;anza Superior Sim&oacute;n Bol&iacute;var-C&oacute;rdoba &#8211; 687198146-Profesor\/a de Educaci&oacute;n Secundaria en Lengua y Literatura &#8211; A76041-Pr&aacute;ctica Docente I: Contextos Y Pr&aacute;cticas Educativas (Profesor en Ciencias de la Educaci&oacute;n &#8211; Licenciado en Ciencias de la Educaci&oacute;n con experiencia en el nivel de destino) &#8211; 1 A<\/span><\/li>\n<li style=\"text-align: justify; padding-bottom: 3px;\"><span style=\"font-family: arial, helvetica, sans-serif; font-size: 10pt;\">140319900-Instituto de Ense&ntilde;anza Superior Arturo Capdevila-Cruz Del Eje &#8211; 687198146-Profesor\/a de Educaci&oacute;n Secundaria en Lengua y Literatura &#8211; A78642-Gram&aacute;tica Te&oacute;rica Y Aplicada I &#8211; 1 A<\/span><\/li>\n<li style=\"text-align: justify; padding-bottom: 3px;\"><span style=\"font-family: arial, helvetica, sans-serif; font-size: 10pt;\">140319900-Instituto de Ense&ntilde;anza Superior Arturo Capdevila-Cruz Del Eje &#8211; 687198146-Profesor\/a de Educaci&oacute;n Secundaria en Lengua y Literatura &#8211; A78643-Teor&iacute;a Y An&aacute;lisis Literario I &#8211; 1 A<\/span><\/li>\n<li style=\"text-align: justify; padding-bottom: 3px;\"><span style=\"font-family: arial, helvetica, sans-serif; font-size: 10pt;\">140319900-Instituto de Ense&ntilde;anza Superior Arturo Capdevila-Cruz Del Eje &#8211; 687198146-Profesor\/a de Educaci&oacute;n Secundaria en Lengua y Literatura &#8211; A79263-Teor&iacute;a Y An&aacute;lisis Literario II &#8211; 2 A<\/span><\/li>\n<li style=\"text-align: justify; padding-bottom: 3px;\"><span style=\"font-family: arial, helvetica, sans-serif; font-size: 10pt;\">140319900-Instituto de Ense&ntilde;anza Superior Arturo Capdevila-Cruz Del Eje &#8211; 687198146-Profesor\/a de Educaci&oacute;n Secundaria en Lengua y Literatura &#8211; A80071-Literaturas En Lenguas Extranjeras II &#8211; 4 A<\/span><\/li>\n<li style=\"text-align: justify; padding-bottom: 3px;\"><span style=\"font-family: arial, helvetica, sans-serif; font-size: 10pt;\">140319900-Instituto de Ense&ntilde;anza Superior Arturo Capdevila-Cruz Del Eje &#8211; 687198146-Profesor\/a de Educaci&oacute;n Secundaria en Lengua y Literatura &#8211; A80073-Lectura Y Escritura Cr&iacute;tica Y Creativa &#8211; 4 A<\/span><\/li>\n<li style=\"text-align: justify; padding-bottom: 3px;\"><span style=\"font-family: arial, helvetica, sans-serif; font-size: 10pt;\">140397102-Instituto de Ensenanza Superior Sim&oacute;n Bol&iacute;var Anexo Villa El Libertador-C&oacute;rdoba &#8211; 687198146-Profesor\/a de Educaci&oacute;n Secundaria en Lengua y Literatura &#8211; A77148-Unidad De Definici&oacute;n Institucional I &#8211; 3 A<\/span><\/li>\n<\/ul>\n<p style=\"text-align: justify;\"><span style=\"font-family: arial, helvetica, sans-serif; font-size: 10pt;\"><strong>Nuevas Actas o Listados de Orden de M&eacute;rito de Horas C&aacute;tedra<\/strong><\/span><\/p>\n<ul>\n<li style=\"text-align: justify; padding-bottom: 3px;\"><span style=\"font-family: arial, helvetica, sans-serif; font-size: 10pt;\">140048500-Instituto Superior de Formacion Docente Ren&eacute;e Trettel de Fabi&aacute;n-C&oacute;rdoba &#8211; 687197717-Profesor\/a de Educaci&oacute;n Primaria &#8211; A77264-Educaci&oacute;n Art&iacute;stica Expresiva-Tronco Comun &#8211; 3 A<\/span><\/li>\n<li style=\"text-align: justify; padding-bottom: 3px;\"><span style=\"font-family: arial, helvetica, sans-serif; font-size: 10pt;\">140397100-Instituto de Ense&ntilde;anza Superior Sim&oacute;n Bol&iacute;var-C&oacute;rdoba &#8211; 687197982-Profesor\/a de Educaci&oacute;n Secundaria en Matem&aacute;tica &#8211; A76036-Problem&aacute;ticas Socioantropol&oacute;gicas En Educaci&oacute;n (Profesor en Antropolog&iacute;a Licenciado en Antropolog&iacute;a Profesor en Sociolog&iacute;a Licenciado en Sociolog&iacute;a Profesor en Ciencias de la Educaci&oacute;n Licenciado en Ciencias de la Educaci&oacute;n Carrera human&iacute;stica con Maestr&iacute;a en Investigaci&oacute;n Educativa con menci&oacute;n en Socioantropolog&iacute;a) &#8211; 1 A<\/span><\/li>\n<li style=\"text-align: justify; padding-bottom: 3px;\"><span style=\"font-family: arial, helvetica, sans-serif; font-size: 10pt;\">140397100-Instituto de Ense&ntilde;anza Superior Sim&oacute;n Bol&iacute;var-C&oacute;rdoba &#8211; 687197982-Profesor\/a de Educaci&oacute;n Secundaria en Matem&aacute;tica &#8211; A76036-Problem&aacute;ticas Socioantropol&oacute;gicas En Educaci&oacute;n (Profesor en Antropolog&iacute;a Licenciado en Antropolog&iacute;a Profesor en Sociolog&iacute;a Licenciado en Sociolog&iacute;a Profesor en Ciencias de la Educaci&oacute;n Licenciado en Ciencias de la Educaci&oacute;n Carrera human&iacute;stica con Maestr&iacute;a en Investigaci&oacute;n Educativa con menci&oacute;n en Socioantropolog&iacute;a) &#8211; 1 B<\/span><\/li>\n<li style=\"text-align: justify; padding-bottom: 3px;\"><span style=\"font-family: arial, helvetica, sans-serif; font-size: 10pt;\">140397100-Instituto de Ense&ntilde;anza Superior Sim&oacute;n Bol&iacute;var-C&oacute;rdoba &#8211; 687198146-Profesor\/a de Educaci&oacute;n Secundaria en Lengua y Literatura &#8211; A76036-Problem&aacute;ticas Socioantropol&oacute;gicas En Educaci&oacute;n (Profesor en Antropolog&iacute;a Licenciado en Antropolog&iacute;a Profesor en Sociolog&iacute;a Licenciado en Sociolog&iacute;a Profesor en Ciencias de la Educaci&oacute;n Licenciado en Ciencias de la Educaci&oacute;n Carrera human&iacute;stica con Maestr&iacute;a en Investigaci&oacute;n Educativa con menci&oacute;n en Socioantropolog&iacute;a) &#8211; 1 A<\/span><\/li>\n<li style=\"text-align: justify; padding-bottom: 3px;\"><span style=\"font-family: arial, helvetica, sans-serif; font-size: 10pt;\">140299600-Escuela Normal Superior Justo Jos&eacute; de Urquiza-R&iacute;o Cuarto &#8211; 687198542-Tecnicatura Superior en Bibliotecolog&iacute;a con Orientaci&oacute;n Socioeducativa &#8211; A81515-Literatura y Formaci&oacute;n Lectora (Perfil: Profesor\/licenciado Letras\/Lengua &#8211; Proyecto C&aacute;tedra integrada) &#8211; 2 A<\/span><\/li>\n<li style=\"text-align: justify; padding-bottom: 3px;\"><span style=\"font-family: arial, helvetica, sans-serif; font-size: 10pt;\">140333800-Escuela Normal Superior Dr. Alejandro Carb&oacute;-C&oacute;rdoba &#8211; 687197716-Profesor\/a de Educaci&oacute;n Inicial &#8211; A80452-Pr&aacute;ctica Docente IV y Residencia: Recrear Las Pr&aacute;cticas Docentes &#8211; Ateneos y Tutor&iacute;as &#8211; Lengua y su Did&aacute;ctica &#8211; 4 A<\/span><\/li>\n<li style=\"text-align: justify; padding-bottom: 3px;\"><span style=\"font-family: arial, helvetica, sans-serif; font-size: 10pt;\">140299600-Escuela Normal Superior Justo Jos&eacute; de Urquiza-R&iacute;o Cuarto &#8211; 687198542-Tecnicatura Superior en Bibliotecolog&iacute;a con Orientaci&oacute;n Socioeducativa &#8211; A82158-Procedimientos Bibliotecol&oacute;gicos III (Perfil: Bibliotec&oacute;logo\/Lic. en Bibliotecolog&iacute;a o t&iacute;tulos similares) &#8211; 3 A<\/span><\/li>\n<li style=\"text-align: justify; padding-bottom: 3px;\"><span style=\"font-family: arial, helvetica, sans-serif; font-size: 10pt;\">140321400-Escuela Normal Superior Dr. Nicol&aacute;s Avellaneda-San Francisco &#8211; 687197716-Profesor\/a de Educaci&oacute;n Inicial &#8211; A77928-Etica Y Construcci&oacute;n De Ciudadan&iacute;a (perfil solicitado: Prof.\/Lic. en filosof&iacute;a-Prof.\/Lic. en Ciencias Jur&iacute;dicas o Cs. Pol&iacute;ticas &#8211; Prof.\/Lic. en Ciencias de la Educaci&oacute;n &#8211; Prof. y Lic en Sociolog&iacute;a-otras tit.de N.Sup. con formaci&oacute;n espec&iacute;fica) &#8211; 4 A &#8211; Rectificaci&oacute;n<\/span><\/li>\n<li style=\"text-align: justify; padding-bottom: 3px;\"><span style=\"font-family: arial, helvetica, sans-serif; font-size: 10pt;\">140333800-Escuela Normal Superior Dr. Alejandro Carb&oacute;-C&oacute;rdoba &#8211; 687197717-Profesor\/a de Educaci&oacute;n Primaria &#8211; A76044-Oralidad Lectura Y Escritura-Tronco Comun &#8211; 1 C<\/span><\/li>\n<li style=\"text-align: justify; padding-bottom: 3px;\"><span style=\"font-family: arial, helvetica, sans-serif; font-size: 10pt;\">140333800-Escuela Normal Superior Dr. Alejandro Carb&oacute;-C&oacute;rdoba &#8211; 687197717-Profesor\/a de Educaci&oacute;n Primaria &#8211; A77259-Literatura En El Nivel Primario-Tronco Comun &#8211; 3 A<\/span><\/li>\n<li style=\"text-align: justify; padding-bottom: 3px;\"><span style=\"font-family: arial, helvetica, sans-serif; font-size: 10pt;\">140333800-Escuela Normal Superior Dr. Alejandro Carb&oacute;-C&oacute;rdoba &#8211; 687197717-Profesor\/a de Educaci&oacute;n Primaria &#8211; A77260-Alfabetizaci&oacute;n Inicial-Tronco Comun &#8211; 3 B<\/span><\/li>\n<li style=\"text-align: justify; padding-bottom: 3px;\"><span style=\"font-family: arial, helvetica, sans-serif; font-size: 10pt;\">140333800-Escuela Normal Superior Dr. Alejandro Carb&oacute;-C&oacute;rdoba &#8211; 687197717-Profesor\/a de Educaci&oacute;n Primaria &#8211; A80452-Pr&aacute;ctica Docente IV y Residencia: Recrear Las Pr&aacute;cticas Docentes &#8211; Ateneos y Tutor&iacute;as &#8211; Lengua y su Did&aacute;ctica-Tronco Comun &#8211; 4 B<\/span><\/li>\n<li style=\"text-align: justify; padding-bottom: 3px;\"><span style=\"font-family: arial, helvetica, sans-serif; font-size: 10pt;\">140110100-Conservatorio Superior de M&uacute;sica Arturo Berutti-San Francisco &#8211; 687197758-Profesor\/a de M&uacute;sica &#8211; A78530-Pr&aacute;ctica Docente III Y Residencia &#8211; 3 A &#8211; Rectificaci&oacute;n<\/span><\/li>\n<li style=\"text-align: justify; padding-bottom: 3px;\"><span style=\"font-family: arial, helvetica, sans-serif; font-size: 10pt;\">140110100-Conservatorio Superior de M&uacute;sica Arturo Berutti-San Francisco &#8211; 687197758-Profesor\/a de M&uacute;sica &#8211; A78544-M&uacute;sicas Urbanas &#8211; 3 A &#8211; Rectificaci&oacute;n<\/span><\/li>\n<li style=\"text-align: justify; padding-bottom: 3px;\"><span style=\"font-family: arial, helvetica, sans-serif; font-size: 10pt;\">140110100-Conservatorio Superior de M&uacute;sica Arturo Berutti-San Francisco &#8211; 687197758-Profesor\/a de M&uacute;sica &#8211; A79204-Arte En La Educaci&oacute;n Especial &#8211; 4 A &#8211; Rectificaci&oacute;n<\/span><\/li>\n<li style=\"text-align: justify; padding-bottom: 3px;\"><span style=\"font-family: arial, helvetica, sans-serif; font-size: 10pt;\">140110100-Conservatorio Superior de M&uacute;sica Arturo Berutti-San Francisco &#8211; 687197758-Profesor\/a de M&uacute;sica &#8211; A76852-Instrumento Arm&oacute;nico I (Piano) &#8211; 1 A &#8211; Rectificaci&oacute;n<\/span><\/li>\n<li style=\"text-align: justify; padding-bottom: 3px;\"><span style=\"font-family: arial, helvetica, sans-serif; font-size: 10pt;\">140110100-Conservatorio Superior de M&uacute;sica Arturo Berutti-San Francisco &#8211; 687197758-Profesor\/a de M&uacute;sica &#8211; A76852-Instrumento Arm&oacute;nico I (Piano) &#8211; 1 B &#8211; Rectificaci&oacute;n<\/span><\/li>\n<li style=\"text-align: justify; padding-bottom: 3px;\"><span style=\"font-family: arial, helvetica, sans-serif; font-size: 10pt;\">140110100-Conservatorio Superior de M&uacute;sica Arturo Berutti-San Francisco &#8211; 687197758-Profesor\/a de M&uacute;sica &#8211; A76852-Instrumento Arm&oacute;nico I (Piano) &#8211; 1 C &#8211; Rectificaci&oacute;n<\/span><\/li>\n<li style=\"text-align: justify; padding-bottom: 3px;\"><span style=\"font-family: arial, helvetica, sans-serif; font-size: 10pt;\">140110100-Conservatorio Superior de M&uacute;sica Arturo Berutti-San Francisco &#8211; 687197758-Profesor\/a de M&uacute;sica &#8211; A78541-Instrumento Arm&oacute;nico III (Piano) &#8211; 3 A<\/span><\/li>\n<li style=\"text-align: justify; padding-bottom: 3px;\"><span style=\"font-family: arial, helvetica, sans-serif; font-size: 10pt;\">140240300-Instituto Superior Arturo Umberto Illia-Villa Carlos Paz &#8211; 687197783-Tecnicatura Superior En Turismo &#8211; A77536-Servicios de Gastronom&iacute;a I &#8211; 2 1<\/span><\/li>\n<li style=\"text-align: justify; padding-bottom: 3px;\"><span style=\"font-family: arial, helvetica, sans-serif; font-size: 10pt;\">140253501-Instituto Superior Dr Ram&oacute;n Carrillo Anexo Juarez Celman-Estaci&oacute;n Ju&aacute;rez Celman &#8211; 687198462-Tecnicatura Superior En Enfermer&iacute;a &#8211; A79901-Organizaci&oacute;n y Gesti&oacute;n en Salud &#8211; 3 A<\/span><\/li>\n<li style=\"text-align: justify; padding-bottom: 3px;\"><span style=\"font-family: arial, helvetica, sans-serif; font-size: 10pt;\">140253501-Instituto Superior Dr Ram&oacute;n Carrillo Anexo Juarez Celman-Estaci&oacute;n Ju&aacute;rez Celman &#8211; 687198462-Tecnicatura Superior En Enfermer&iacute;a &#8211; A79901-Organizaci&oacute;n y Gesti&oacute;n en Salud &#8211; 3 B<\/span><\/li>\n<li style=\"text-align: justify; padding-bottom: 3px;\"><span style=\"font-family: arial, helvetica, sans-serif; font-size: 10pt;\">140321401-Escuela Normal Superior Dr Nicol&aacute;s Avellaneda Anexo-San Francisco &#8211; 687197735-T&eacute;cnico Superior En Seguridad e higiene en el Trabajo &#8211; A1044-&Eacute;tica (PERFIL: Prof.\/Lic. en Filosof&iacute;a &#8211; Prof. \/Lic. en Cs. Jur&iacute;dicas o Pol&iacute;ticas &#8211; Prof.\/Lic. en Cs. de la Educ. Proff.\/Lic. en Sociolog&iacute;a &#8211; con conocimientos en Etica Aplicada al Mundo Laboral) &#8211; 3 A &#8211; Rectificaci&oacute;n<\/span><\/li>\n<\/ul>\n<p style=\"text-align: justify;\"><span style=\"font-family: arial, helvetica, sans-serif; font-size: 10pt;\"><strong>Para ver mayor informaci&oacute;n sobre las Horas C&aacute;tedra Vacantes, Actas y Ordenes de M&eacute;rito: <\/strong><a href=\"index.cgi?wid_item=194&amp;wid_seccion=50\">Clic Aqu&iacute;<\/a>.<\/span><\/p><\/p>\n","protected":false},"excerpt":{"rendered":"<p>Publicaci\u00f3n de Horas C\u00e1tedra Vacantes, Actas y Listado de Orden de M\u00e9rito La Direcci&oacute;n General de Educaci&oacute;n Superior y la Direcci&oacute;n General de Educaci&oacute;n T&eacute;cnica y Formaci&oacute;n Profesional informan las siguientes publicaciones de Horas C&aacute;tedra Vacantes, Actas y Listado de Orden de M&eacute;rito: Nuevas Convocatorias a Horas C&aacute;tedra 140461900-Centro de Educaci&oacute;n por El Arte La &#8230; <a title=\"Publicaci\u00f3n de Horas C\u00e1tedra Vacantes, Actas y Listado de Orden de M\u00e9rito\" class=\"read-more\" href=\"https:\/\/dges-cba.infd.edu.ar\/sitio\/publicacion-de-horas-catedra-vacantes-actas-y-listado-de-orden-de-merito-492\/\" aria-label=\"More on Publicaci\u00f3n de Horas C\u00e1tedra Vacantes, Actas y Listado de Orden de M\u00e9rito\">[+]<\/a><\/p>\n","protected":false},"author":17224,"featured_media":0,"comment_status":"open","ping_status":"open","sticky":false,"template":"","format":"standard","meta":[],"categories":[7,6],"tags":[],"acf":[],"_links":{"self":[{"href":"https:\/\/dges-cba.infd.edu.ar\/sitio\/wp-json\/wp\/v2\/posts\/7702"}],"collection":[{"href":"https:\/\/dges-cba.infd.edu.ar\/sitio\/wp-json\/wp\/v2\/posts"}],"about":[{"href":"https:\/\/dges-cba.infd.edu.ar\/sitio\/wp-json\/wp\/v2\/types\/post"}],"author":[{"embeddable":true,"href":"https:\/\/dges-cba.infd.edu.ar\/sitio\/wp-json\/wp\/v2\/users\/17224"}],"replies":[{"embeddable":true,"href":"https:\/\/dges-cba.infd.edu.ar\/sitio\/wp-json\/wp\/v2\/comments?post=7702"}],"version-history":[{"count":0,"href":"https:\/\/dges-cba.infd.edu.ar\/sitio\/wp-json\/wp\/v2\/posts\/7702\/revisions"}],"wp:attachment":[{"href":"https:\/\/dges-cba.infd.edu.ar\/sitio\/wp-json\/wp\/v2\/media?parent=7702"}],"wp:term":[{"taxonomy":"category","embeddable":true,"href":"https:\/\/dges-cba.infd.edu.ar\/sitio\/wp-json\/wp\/v2\/categories?post=7702"},{"taxonomy":"post_tag","embeddable":true,"href":"https:\/\/dges-cba.infd.edu.ar\/sitio\/wp-json\/wp\/v2\/tags?post=7702"}],"curies":[{"name":"wp","href":"https:\/\/api.w.org\/{rel}","templated":true}]}}