{"id":7716,"date":"2017-05-18T00:00:00","date_gmt":"2017-05-18T00:00:00","guid":{"rendered":"https:\/\/dges-cba.infd.edu.ar\/sitio\/publicacion-de-horas-catedra-vacantes-actas-y-listado-de-orden-de-merito-498\/"},"modified":"2017-05-18T00:00:00","modified_gmt":"2017-05-18T00:00:00","slug":"publicacion-de-horas-catedra-vacantes-actas-y-listado-de-orden-de-merito-498","status":"publish","type":"post","link":"https:\/\/dges-cba.infd.edu.ar\/sitio\/publicacion-de-horas-catedra-vacantes-actas-y-listado-de-orden-de-merito-498\/","title":{"rendered":"Publicaci\u00f3n de Horas C\u00e1tedra Vacantes, Actas y Listado de Orden de M\u00e9rito"},"content":{"rendered":"<p class=\"sitio_noticia_volanta\" >\n<h3>Publicaci\u00f3n de Horas C\u00e1tedra Vacantes, Actas y Listado de Orden de M\u00e9rito<\/h3>\n<p class=\"sitio_noticia_copete\" >\n<hr class=\"sitio_noticia_contenido\" \/>\n<p >\n<p style=\"text-align: justify;\"><span style=\"font-family: arial, helvetica, sans-serif; font-size: 10pt;\"> La <strong>Direcci&oacute;n General de Educaci&oacute;n Superior<\/strong> y la <strong>Direcci&oacute;n General de Educaci&oacute;n T&eacute;cnica y Formaci&oacute;n Profesional<\/strong> informan las siguientes publicaciones de Horas C&aacute;tedra Vacantes, Actas y Listado de Orden de M&eacute;rito:<\/span><\/p>\n<p style=\"text-align: justify;\"><span style=\"font-family: arial, helvetica, sans-serif; font-size: 10pt;\"><strong>Nuevas Convocatorias a Horas C&aacute;tedra<\/strong><\/span><\/p>\n<ul>\n<li style=\"text-align: justify; padding-bottom: 3px;\"><span style=\"font-family: arial, helvetica, sans-serif; font-size: 10pt;\">140048500-Instituto Superior de Formacion Docente Ren&eacute;e Trettel de Fabi&aacute;n-C&oacute;rdoba &#8211; 687197716-Profesor\/a de Educaci&oacute;n Inicial &#8211; A79575-Horas Para Alfabetizaci&oacute;n En Lengua Inglesa &#8211; 1 A &#8211; Extensi&oacute;n de Fecha<\/span><\/li>\n<li style=\"text-align: justify; padding-bottom: 3px;\"><span style=\"font-family: arial, helvetica, sans-serif; font-size: 10pt;\">140110400-Instituto Superior Maria Justa Moyano de Ezpeleta-Morteros &#8211; 687197986-Profesor\/a de Educaci&oacute;n Tecnol&oacute;gica &#8211; A79243-Tecnolog&iacute;as Educativas &#8211; 3 A<\/span><\/li>\n<li style=\"text-align: justify; padding-bottom: 3px;\"><span style=\"font-family: arial, helvetica, sans-serif; font-size: 10pt;\">140189000-Escuela Normal Superior de Villa del Totoral-Villa Del Totoral &#8211; 687198147-Profesor\/a de Ingl&eacute;s &#8211; A76037-Psicolog&iacute;a Y Educaci&oacute;n &#8211; 1 A<\/span><\/li>\n<li style=\"text-align: justify; padding-bottom: 3px;\"><span style=\"font-family: arial, helvetica, sans-serif; font-size: 10pt;\">140262900-Colegio Superior Presidente Roque S&aacute;enz Pe&ntilde;a-Cosqu&iacute;n &#8211; 687198146-Profesor\/a de Educaci&oacute;n Secundaria en Lengua y Literatura &#8211; A76035-Pedagog&iacute;a &#8211; 1 A<\/span><\/li>\n<li style=\"text-align: justify; padding-bottom: 3px;\"><span style=\"font-family: arial, helvetica, sans-serif; font-size: 10pt;\">140510300-Instituto Tecnol&oacute;gico Foro de los R&iacute;os-Villa General Belgrano &#8211; 687198264-Tecnicatura Superior En Bromatolog&iacute;a &#8211; A79165-Higiene Seguridad y Medio Ambiente &#8211; 1 A<\/span><\/li>\n<\/ul>\n<p style=\"text-align: justify;\"><span style=\"font-family: arial, helvetica, sans-serif; font-size: 10pt;\"><strong>Nuevas Actas o Listados de Orden de M&eacute;rito de Horas C&aacute;tedra<\/strong><\/span><\/p>\n<ul>\n<li style=\"text-align: justify; padding-bottom: 3px;\"><span style=\"font-family: arial, helvetica, sans-serif; font-size: 10pt;\">140262900-Colegio Superior Presidente Roque S&aacute;enz Pe&ntilde;a-Cosqu&iacute;n &#8211; 687198144-Profesor\/a de Educaci&oacute;n Secundaria en Historia &#8211; A78628-Sociolog&iacute;a (-) &#8211; 1 A<\/span><\/li>\n<li style=\"text-align: justify; padding-bottom: 3px;\"><span style=\"font-family: arial, helvetica, sans-serif; font-size: 10pt;\">140299600-Escuela Normal Superior Justo Jos&eacute; de Urquiza-R&iacute;o Cuarto &#8211; 687198542-Tecnicatura Superior en Bibliotecolog&iacute;a con Orientaci&oacute;n Socioeducativa &#8211; A82153-Gesti&oacute;n Cultural (Perfil: Bibliotec&oacute;logo con exp. en gesti&oacute;n cultural\/ Prof. de Teatro\/ Animadores culturales\/ Otros con experiencia en gesti&oacute;n cultural) &#8211; 3 A<\/span><\/li>\n<li style=\"text-align: justify; padding-bottom: 3px;\"><span style=\"font-family: arial, helvetica, sans-serif; font-size: 10pt;\">140299600-Escuela Normal Superior Justo Jos&eacute; de Urquiza-R&iacute;o Cuarto &#8211; 687198542-Tecnicatura Superior en Bibliotecolog&iacute;a con Orientaci&oacute;n Socioeducativa &#8211; A82152-&Eacute;tica y Construcci&oacute;n de Ciudadan&iacute;a (Perfil: Profesor\/licenciado Ciencias Jur&iacute;dicas Pol&iacute;ticas y Sociales) &#8211; 3 A<\/span><\/li>\n<li style=\"text-align: justify; padding-bottom: 3px;\"><span style=\"font-family: arial, helvetica, sans-serif; font-size: 10pt;\">140400100-Instituto Superior del Profesorado Mariano Moreno-Bell Ville &#8211; 687197985-Profesor\/a de Educaci&oacute;n Secundaria en Qu&iacute;mica &#8211; A76823-Pr&aacute;ctica Docente II: Escuelas Historias Documentadas Y Cotidianeidad (Hs. interinas) &#8211; 2 A<\/span><\/li>\n<li style=\"text-align: justify; padding-bottom: 3px;\"><span style=\"font-family: arial, helvetica, sans-serif; font-size: 10pt;\">140400100-Instituto Superior del Profesorado Mariano Moreno-Bell Ville &#8211; 687197761-Profesor\/a de Educaci&oacute;n Especial con orientaci&oacute;n en Discapacidad Intelectual &#8211; A77248-Historia Y Pol&iacute;tica De la Educaci&oacute;n Argentina (SUPLENCIA) &#8211; 3 A<\/span><\/li>\n<li style=\"text-align: justify; padding-bottom: 3px;\"><span style=\"font-family: arial, helvetica, sans-serif; font-size: 10pt;\">140400100-Instituto Superior del Profesorado Mariano Moreno-Bell Ville &#8211; 687197761-Profesor\/a de Educaci&oacute;n Especial con orientaci&oacute;n en Discapacidad Intelectual &#8211; A77941-Abordajes Pedag&oacute;gicos En Sujetos Con Di (SUPLENTE) &#8211; 3 A<\/span><\/li>\n<li style=\"text-align: justify; padding-bottom: 3px;\"><span style=\"font-family: arial, helvetica, sans-serif; font-size: 10pt;\">140400100-Instituto Superior del Profesorado Mariano Moreno-Bell Ville &#8211; 687197761-Profesor\/a de Educaci&oacute;n Especial con orientaci&oacute;n en Discapacidad Intelectual &#8211; A77940-Problem&aacute;ticas De la Discapacidad Y subjetividad (SUPLENTES) &#8211; 3 A<\/span><\/li>\n<li style=\"text-align: justify; padding-bottom: 3px;\"><span style=\"font-family: arial, helvetica, sans-serif; font-size: 10pt;\">140409000-Instituto Superior del Profesorado Tecnol&oacute;gico-C&oacute;rdoba &#8211; 687197802-Capacitaci&oacute;n para Graduados No Docentes &#8211; A76034-Lenguaje Digital Y Audiovisual &#8211; 1 C<\/span><\/li>\n<li style=\"text-align: justify; padding-bottom: 3px;\"><span style=\"font-family: arial, helvetica, sans-serif; font-size: 10pt;\">140409000-Instituto Superior del Profesorado Tecnol&oacute;gico-C&oacute;rdoba &#8211; 687197802-Capacitaci&oacute;n para Graduados No Docentes &#8211; A76034-Lenguaje Digital Y Audiovisual &#8211; 1 A<\/span><\/li>\n<li style=\"text-align: justify; padding-bottom: 3px;\"><span style=\"font-family: arial, helvetica, sans-serif; font-size: 10pt;\">140409000-Instituto Superior del Profesorado Tecnol&oacute;gico-C&oacute;rdoba &#8211; 687197802-Capacitaci&oacute;n para Graduados No Docentes &#8211; A77550-Seminario Optativo (SEMINARIO OPTATIVO: TECNOLOG&Iacute;A EDUCATIVA) &#8211; 2 B<\/span><\/li>\n<li style=\"text-align: justify; padding-bottom: 3px;\"><span style=\"font-family: arial, helvetica, sans-serif; font-size: 10pt;\">140525300-Conservatorio Superior de M&uacute;sica Carlos Giraudo-Marcos Ju&aacute;rez &#8211; 687196661-Tecnicatura Superior en M&uacute;sica con Orientaci&oacute;n en Instrumento Solista o Canto L&iacute;rico &#8211; A60704-Instrumento I (Viola) &#8211; 1 A<\/span><\/li>\n<li style=\"text-align: justify; padding-bottom: 3px;\"><span style=\"font-family: arial, helvetica, sans-serif; font-size: 10pt;\">140397100-Instituto de Ense&ntilde;anza Superior Sim&oacute;n Bol&iacute;var-C&oacute;rdoba &#8211; 687197982-Profesor\/a de Educaci&oacute;n Secundaria en Matem&aacute;tica &#8211; A77609-Problem&aacute;ticas De la Geometr&iacute;a I &#8211; 1 A<\/span><\/li>\n<li style=\"text-align: justify; padding-bottom: 3px;\"><span style=\"font-family: arial, helvetica, sans-serif; font-size: 10pt;\">140397100-Instituto de Ense&ntilde;anza Superior Sim&oacute;n Bol&iacute;var-C&oacute;rdoba &#8211; 687197982-Profesor\/a de Educaci&oacute;n Secundaria en Matem&aacute;tica &#8211; A77609-Problem&aacute;ticas De la Geometr&iacute;a I &#8211; 1 B<\/span><\/li>\n<li style=\"text-align: justify; padding-bottom: 3px;\"><span style=\"font-family: arial, helvetica, sans-serif; font-size: 10pt;\">140278800-Escuela Normal Superior Dalmacio Velez Sarsfield-Las Varillas &#8211; 687197983-Profesor\/a de Educaci&oacute;n Secundaria en Biolog&iacute;a &#8211; A77320-Sujetos De la Educaci&oacute;n (Renuncia de la Profesora) &#8211; 3 A<\/span><\/li>\n<li style=\"text-align: justify; padding-bottom: 3px;\"><span style=\"font-family: arial, helvetica, sans-serif; font-size: 10pt;\">140278800-Escuela Normal Superior Dalmacio Velez Sarsfield-Las Varillas &#8211; 687197985-Profesor\/a de Educaci&oacute;n Secundaria en Qu&iacute;mica &#8211; A76037-Psicolog&iacute;a Y Educaci&oacute;n (renuncia de la Profesora) &#8211; 2 A<\/span><\/li>\n<\/ul>\n<p style=\"text-align: justify;\"><span style=\"font-family: arial, helvetica, sans-serif; font-size: 10pt;\"><strong>Para ver mayor informaci&oacute;n sobre las Horas C&aacute;tedra Vacantes, Actas y Ordenes de M&eacute;rito: <\/strong><a href=\"index.cgi?wid_item=194&amp;wid_seccion=50\">Clic Aqu&iacute;<\/a>.<\/span><\/p><\/p>\n","protected":false},"excerpt":{"rendered":"<p>Publicaci\u00f3n de Horas C\u00e1tedra Vacantes, Actas y Listado de Orden de M\u00e9rito La Direcci&oacute;n General de Educaci&oacute;n Superior y la Direcci&oacute;n General de Educaci&oacute;n T&eacute;cnica y Formaci&oacute;n Profesional informan las siguientes publicaciones de Horas C&aacute;tedra Vacantes, Actas y Listado de Orden de M&eacute;rito: Nuevas Convocatorias a Horas C&aacute;tedra 140048500-Instituto Superior de Formacion Docente Ren&eacute;e Trettel &#8230; <a title=\"Publicaci\u00f3n de Horas C\u00e1tedra Vacantes, Actas y Listado de Orden de M\u00e9rito\" class=\"read-more\" href=\"https:\/\/dges-cba.infd.edu.ar\/sitio\/publicacion-de-horas-catedra-vacantes-actas-y-listado-de-orden-de-merito-498\/\" aria-label=\"More on Publicaci\u00f3n de Horas C\u00e1tedra Vacantes, Actas y Listado de Orden de M\u00e9rito\">[+]<\/a><\/p>\n","protected":false},"author":17224,"featured_media":0,"comment_status":"open","ping_status":"open","sticky":false,"template":"","format":"standard","meta":[],"categories":[7,6],"tags":[],"acf":[],"_links":{"self":[{"href":"https:\/\/dges-cba.infd.edu.ar\/sitio\/wp-json\/wp\/v2\/posts\/7716"}],"collection":[{"href":"https:\/\/dges-cba.infd.edu.ar\/sitio\/wp-json\/wp\/v2\/posts"}],"about":[{"href":"https:\/\/dges-cba.infd.edu.ar\/sitio\/wp-json\/wp\/v2\/types\/post"}],"author":[{"embeddable":true,"href":"https:\/\/dges-cba.infd.edu.ar\/sitio\/wp-json\/wp\/v2\/users\/17224"}],"replies":[{"embeddable":true,"href":"https:\/\/dges-cba.infd.edu.ar\/sitio\/wp-json\/wp\/v2\/comments?post=7716"}],"version-history":[{"count":0,"href":"https:\/\/dges-cba.infd.edu.ar\/sitio\/wp-json\/wp\/v2\/posts\/7716\/revisions"}],"wp:attachment":[{"href":"https:\/\/dges-cba.infd.edu.ar\/sitio\/wp-json\/wp\/v2\/media?parent=7716"}],"wp:term":[{"taxonomy":"category","embeddable":true,"href":"https:\/\/dges-cba.infd.edu.ar\/sitio\/wp-json\/wp\/v2\/categories?post=7716"},{"taxonomy":"post_tag","embeddable":true,"href":"https:\/\/dges-cba.infd.edu.ar\/sitio\/wp-json\/wp\/v2\/tags?post=7716"}],"curies":[{"name":"wp","href":"https:\/\/api.w.org\/{rel}","templated":true}]}}